{"id":22199,"date":"2017-02-20T20:18:37","date_gmt":"2017-02-20T20:18:37","guid":{"rendered":"https:\/\/www.ncr-iran.org\/en\/news1613067580\/news-sp-256\/terrorism-a-fundamentalism\/22199-protest-in-munich-against-the-iranian-foreign-minister"},"modified":"2023-01-17T05:56:31","modified_gmt":"2023-01-17T04:56:31","slug":"protest-in-munich-against-the-iranian-foreign-minister","status":"publish","type":"post","link":"https:\/\/www.ncr-iran.org\/en\/news\/terrorism-a-fundamentalism\/protest-in-munich-against-the-iranian-foreign-minister\/","title":{"rendered":"Protest in Munich Against the Iranian Regime&#8217;s Foreign Minister"},"content":{"rendered":"<p><img decoding=\"async\" title=\"201721922135927739783\" class=\" size-full wp-image-48137\" src=\"https:\/\/www.ncr-iran.org\/en\/wp-content\/uploads\/sites\/2\/2017\/02\/201721922135927739783.jpg\" alt=\"201721922135927739783\" width=\"400\" height=\"250\" srcset=\"https:\/\/www.ncr-iran.org\/en\/wp-content\/uploads\/2017\/02\/201721922135927739783.jpg 400w, https:\/\/www.ncr-iran.org\/en\/wp-content\/uploads\/2017\/02\/201721922135927739783-300x188.jpg 300w\" sizes=\"(max-width: 400px) 100vw, 400px\" \/><\/p>\n<p>NCRI &#8211;\u00a0On Friday February 17th 2017, a protest gathering was staged against the Iranian Foreign Minister, Mohammad Javad Zarif in the city center of Munich. The participants protested the presence of the Iranian regime in Munich Security Conference, and stated: the Iranian regime&#8217;s representative should not have a place in Munich Conference since they are themselves the source of terrorism and fundamentalism, the Godfather of ISIS and the main cause of the crisis and war in the region.<\/p>\n<p>The Iranians living in Munich were carrying placards and chanting slogans against the Iranian Foreign Minister. The protesters were shouting:&#8221;Zarif! Go Away! , The Security Conference has no place for the murderers! , Rouhani and Khamenei are terrorists.&#8221;<\/p>\n<p>The protesters condemned the crimes of the Iranian regime in particular against the people of Ahvaz, Khuzestan by giving symbolic theatrical performances such as public executions and resented the waves of brutal murders and repressions carried out by the Iranian regime.<\/p>\n<p>Although the rally was held in cold and rainy weather, it was greatly welcomed by many German citizens, news and media representatives and the participating figures in Munich Conference.<\/p>\n<p>The personalities and countries participating in the Conference named the Iranian regime as the main cause of global terrorism and instability; stressing the need to stand against the interference of the regime in the region.<\/p>\n<p>The American Vice President, Mike Pence and the Turkish Prime Minister Binali Yildirim held a meeting on the sidelines of Munich Security Conference; discussing the options to restrain the Iranian regime. They also stressed that the Iranian regime will not be allowed to endanger the stability of the region.<\/p>\n<p>In addition to that, Turkey&#8217;s Foreign Minister Mevl\u00fct \u00c7avu\u015fo\u011flu stated in the conference:&#8221;the Iranian regime has been behind some incidents as well as the instability in the region. The sectarian policy adopted by this regime will undermine the security of many Arab states of the Persian Gulf such as Bahrain and Saudi Arabia.&#8221;<\/p>\n<p>The Saudi Foreign Minister Adel al-Jubeir also stressed that Iran is the largest sponsor of terrorism in the world.<\/p>\n","protected":false},"excerpt":{"rendered":"<p>NCRI &ndash;&nbsp;On Friday February 17th 2017, a protest gathering was staged against the Iranian Foreign Minister, Mohammad Javad Zarif in the city center of Munich. The participants protested the presence [&#8230;]<\/p>\n","protected":false},"author":10,"featured_media":48137,"comment_status":"open","ping_status":"open","sticky":false,"template":"","format":"standard","meta":{"footnotes":""},"categories":[19],"tags":[175],"class_list":{"0":"post-22199","1":"post","2":"type-post","3":"status-publish","4":"format-standard","5":"has-post-thumbnail","7":"category-terrorism-a-fundamentalism","8":"tag-updated"},"yoast_head":"<!-- This site is optimized with the Yoast SEO plugin v27.4 - https:\/\/yoast.com\/product\/yoast-seo-wordpress\/ -->\n<title>Protest in Munich Against the Iranian Regime&#039;s Foreign Minister - NCRI<\/title>\n<meta name=\"description\" content=\"NCRI -\u00a0On Friday February 17th 2017, a protest gathering was staged against the Iranian Foreign Minister, Mohammad Javad Zarif in the city center of\" \/>\n<meta name=\"robots\" content=\"index, follow, max-snippet:-1, max-image-preview:large, max-video-preview:-1\" \/>\n<link rel=\"canonical\" href=\"https:\/\/www.ncr-iran.org\/en\/news\/terrorism-a-fundamentalism\/protest-in-munich-against-the-iranian-foreign-minister\/\" \/>\n<meta property=\"og:locale\" content=\"en_US\" \/>\n<meta property=\"og:type\" content=\"article\" \/>\n<meta property=\"og:title\" content=\"Protest in Munich Against the Iranian Regime&#039;s Foreign Minister - NCRI\" \/>\n<meta property=\"og:description\" content=\"NCRI -\u00a0On Friday February 17th 2017, a protest gathering was staged against the Iranian Foreign Minister, Mohammad Javad Zarif in the city center of\" \/>\n<meta property=\"og:url\" content=\"https:\/\/www.ncr-iran.org\/en\/news\/terrorism-a-fundamentalism\/protest-in-munich-against-the-iranian-foreign-minister\/\" \/>\n<meta property=\"og:site_name\" content=\"NCRI\" \/>\n<meta property=\"article:published_time\" content=\"2017-02-20T20:18:37+00:00\" \/>\n<meta property=\"article:modified_time\" content=\"2023-01-17T04:56:31+00:00\" \/>\n<meta property=\"og:image\" content=\"https:\/\/www.ncr-iran.org\/en\/wp-content\/uploads\/2017\/02\/201721922135927739783.jpg\" \/>\n\t<meta property=\"og:image:width\" content=\"400\" \/>\n\t<meta property=\"og:image:height\" content=\"250\" \/>\n\t<meta property=\"og:image:type\" content=\"image\/jpeg\" \/>\n<meta name=\"author\" content=\"Staff Writer\" \/>\n<meta name=\"twitter:card\" content=\"summary_large_image\" \/>\n<meta name=\"twitter:creator\" content=\"@iran_policy\" \/>\n<meta name=\"twitter:site\" content=\"@iran_policy\" \/>\n<meta name=\"twitter:label1\" content=\"Written by\" \/>\n\t<meta name=\"twitter:data1\" content=\"Staff Writer\" \/>\n\t<meta name=\"twitter:label2\" content=\"Est. reading time\" \/>\n\t<meta name=\"twitter:data2\" content=\"2 minutes\" \/>\n<script type=\"application\/ld+json\" class=\"yoast-schema-graph\">{\"@context\":\"https:\\\/\\\/schema.org\",\"@graph\":[{\"@type\":[\"Article\",\"BlogPosting\"],\"@id\":\"https:\\\/\\\/www.ncr-iran.org\\\/en\\\/news\\\/terrorism-a-fundamentalism\\\/protest-in-munich-against-the-iranian-foreign-minister\\\/#article\",\"isPartOf\":{\"@id\":\"https:\\\/\\\/www.ncr-iran.org\\\/en\\\/news\\\/terrorism-a-fundamentalism\\\/protest-in-munich-against-the-iranian-foreign-minister\\\/\"},\"author\":{\"name\":\"Staff Writer\",\"@id\":\"https:\\\/\\\/www.ncr-iran.org\\\/en\\\/#\\\/schema\\\/person\\\/ed98db42da8577aea67046ab687f8a69\"},\"headline\":\"Protest in Munich Against the Iranian Regime&#8217;s Foreign Minister\",\"datePublished\":\"2017-02-20T20:18:37+00:00\",\"dateModified\":\"2023-01-17T04:56:31+00:00\",\"mainEntityOfPage\":{\"@id\":\"https:\\\/\\\/www.ncr-iran.org\\\/en\\\/news\\\/terrorism-a-fundamentalism\\\/protest-in-munich-against-the-iranian-foreign-minister\\\/\"},\"wordCount\":357,\"commentCount\":0,\"publisher\":{\"@id\":\"https:\\\/\\\/www.ncr-iran.org\\\/en\\\/#organization\"},\"image\":{\"@id\":\"https:\\\/\\\/www.ncr-iran.org\\\/en\\\/news\\\/terrorism-a-fundamentalism\\\/protest-in-munich-against-the-iranian-foreign-minister\\\/#primaryimage\"},\"thumbnailUrl\":\"https:\\\/\\\/www.ncr-iran.org\\\/en\\\/wp-content\\\/uploads\\\/2017\\\/02\\\/201721922135927739783.jpg\",\"keywords\":[\"updated\"],\"articleSection\":[\"Latest News on Iranian Terrorism\"],\"inLanguage\":\"en-US\",\"potentialAction\":[{\"@type\":\"CommentAction\",\"name\":\"Comment\",\"target\":[\"https:\\\/\\\/www.ncr-iran.org\\\/en\\\/news\\\/terrorism-a-fundamentalism\\\/protest-in-munich-against-the-iranian-foreign-minister\\\/#respond\"]}]},{\"@type\":\"WebPage\",\"@id\":\"https:\\\/\\\/www.ncr-iran.org\\\/en\\\/news\\\/terrorism-a-fundamentalism\\\/protest-in-munich-against-the-iranian-foreign-minister\\\/\",\"url\":\"https:\\\/\\\/www.ncr-iran.org\\\/en\\\/news\\\/terrorism-a-fundamentalism\\\/protest-in-munich-against-the-iranian-foreign-minister\\\/\",\"name\":\"Protest in Munich Against the Iranian Regime's Foreign Minister - NCRI\",\"isPartOf\":{\"@id\":\"https:\\\/\\\/www.ncr-iran.org\\\/en\\\/#website\"},\"primaryImageOfPage\":{\"@id\":\"https:\\\/\\\/www.ncr-iran.org\\\/en\\\/news\\\/terrorism-a-fundamentalism\\\/protest-in-munich-against-the-iranian-foreign-minister\\\/#primaryimage\"},\"image\":{\"@id\":\"https:\\\/\\\/www.ncr-iran.org\\\/en\\\/news\\\/terrorism-a-fundamentalism\\\/protest-in-munich-against-the-iranian-foreign-minister\\\/#primaryimage\"},\"thumbnailUrl\":\"https:\\\/\\\/www.ncr-iran.org\\\/en\\\/wp-content\\\/uploads\\\/2017\\\/02\\\/201721922135927739783.jpg\",\"datePublished\":\"2017-02-20T20:18:37+00:00\",\"dateModified\":\"2023-01-17T04:56:31+00:00\",\"description\":\"NCRI -\u00a0On Friday February 17th 2017, a protest gathering was staged against the Iranian Foreign Minister, Mohammad Javad Zarif in the city center of\",\"breadcrumb\":{\"@id\":\"https:\\\/\\\/www.ncr-iran.org\\\/en\\\/news\\\/terrorism-a-fundamentalism\\\/protest-in-munich-against-the-iranian-foreign-minister\\\/#breadcrumb\"},\"inLanguage\":\"en-US\",\"potentialAction\":[{\"@type\":\"ReadAction\",\"target\":[\"https:\\\/\\\/www.ncr-iran.org\\\/en\\\/news\\\/terrorism-a-fundamentalism\\\/protest-in-munich-against-the-iranian-foreign-minister\\\/\"]}]},{\"@type\":\"ImageObject\",\"inLanguage\":\"en-US\",\"@id\":\"https:\\\/\\\/www.ncr-iran.org\\\/en\\\/news\\\/terrorism-a-fundamentalism\\\/protest-in-munich-against-the-iranian-foreign-minister\\\/#primaryimage\",\"url\":\"https:\\\/\\\/www.ncr-iran.org\\\/en\\\/wp-content\\\/uploads\\\/2017\\\/02\\\/201721922135927739783.jpg\",\"contentUrl\":\"https:\\\/\\\/www.ncr-iran.org\\\/en\\\/wp-content\\\/uploads\\\/2017\\\/02\\\/201721922135927739783.jpg\",\"width\":400,\"height\":250,\"caption\":\"201721922135927739783\"},{\"@type\":\"BreadcrumbList\",\"@id\":\"https:\\\/\\\/www.ncr-iran.org\\\/en\\\/news\\\/terrorism-a-fundamentalism\\\/protest-in-munich-against-the-iranian-foreign-minister\\\/#breadcrumb\",\"itemListElement\":[{\"@type\":\"ListItem\",\"position\":1,\"name\":\"Home\",\"item\":\"https:\\\/\\\/www.ncr-iran.org\\\/en\\\/\"},{\"@type\":\"ListItem\",\"position\":2,\"name\":\"Protest in Munich Against the Iranian Regime&#8217;s Foreign Minister\"}]},{\"@type\":\"WebSite\",\"@id\":\"https:\\\/\\\/www.ncr-iran.org\\\/en\\\/#website\",\"url\":\"https:\\\/\\\/www.ncr-iran.org\\\/en\\\/\",\"name\":\"NCRI\",\"description\":\"Official website of the National Council of Resistance of Iran\",\"publisher\":{\"@id\":\"https:\\\/\\\/www.ncr-iran.org\\\/en\\\/#organization\"},\"potentialAction\":[{\"@type\":\"SearchAction\",\"target\":{\"@type\":\"EntryPoint\",\"urlTemplate\":\"https:\\\/\\\/www.ncr-iran.org\\\/en\\\/?s={search_term_string}\"},\"query-input\":{\"@type\":\"PropertyValueSpecification\",\"valueRequired\":true,\"valueName\":\"search_term_string\"}}],\"inLanguage\":\"en-US\"},{\"@type\":\"Organization\",\"@id\":\"https:\\\/\\\/www.ncr-iran.org\\\/en\\\/#organization\",\"name\":\"Official website of the National Council of Resistance of Iran\",\"alternateName\":\"Official website of the National Council of Resistance of Iran\",\"url\":\"https:\\\/\\\/www.ncr-iran.org\\\/en\\\/\",\"logo\":{\"@type\":\"ImageObject\",\"inLanguage\":\"en-US\",\"@id\":\"https:\\\/\\\/www.ncr-iran.org\\\/en\\\/#\\\/schema\\\/logo\\\/image\\\/\",\"url\":\"https:\\\/\\\/www.ncr-iran.org\\\/en\\\/wp-content\\\/uploads\\\/2020\\\/01\\\/ncri-logo.jpg\",\"contentUrl\":\"https:\\\/\\\/www.ncr-iran.org\\\/en\\\/wp-content\\\/uploads\\\/2020\\\/01\\\/ncri-logo.jpg\",\"width\":402,\"height\":100,\"caption\":\"Official website of the National Council of Resistance of Iran\"},\"image\":{\"@id\":\"https:\\\/\\\/www.ncr-iran.org\\\/en\\\/#\\\/schema\\\/logo\\\/image\\\/\"},\"sameAs\":[\"https:\\\/\\\/x.com\\\/iran_policy\"]},{\"@type\":\"Person\",\"@id\":\"https:\\\/\\\/www.ncr-iran.org\\\/en\\\/#\\\/schema\\\/person\\\/ed98db42da8577aea67046ab687f8a69\",\"name\":\"Staff Writer\",\"image\":{\"@type\":\"ImageObject\",\"inLanguage\":\"en-US\",\"@id\":\"https:\\\/\\\/secure.gravatar.com\\\/avatar\\\/db69f6e8508e94cc75b7081d6f17c9ded7942d00226436d7aca31d003cba5525?s=96&d=mm&r=g\",\"url\":\"https:\\\/\\\/secure.gravatar.com\\\/avatar\\\/db69f6e8508e94cc75b7081d6f17c9ded7942d00226436d7aca31d003cba5525?s=96&d=mm&r=g\",\"contentUrl\":\"https:\\\/\\\/secure.gravatar.com\\\/avatar\\\/db69f6e8508e94cc75b7081d6f17c9ded7942d00226436d7aca31d003cba5525?s=96&d=mm&r=g\",\"caption\":\"Staff Writer\"},\"url\":\"https:\\\/\\\/www.ncr-iran.org\\\/en\\\/author\\\/mostafa\\\/\"}]}<\/script>\n<!-- \/ Yoast SEO plugin. -->","yoast_head_json":{"title":"Protest in Munich Against the Iranian Regime's Foreign Minister - NCRI","description":"NCRI -\u00a0On Friday February 17th 2017, a protest gathering was staged against the Iranian Foreign Minister, Mohammad Javad Zarif in the city center of","robots":{"index":"index","follow":"follow","max-snippet":"max-snippet:-1","max-image-preview":"max-image-preview:large","max-video-preview":"max-video-preview:-1"},"canonical":"https:\/\/www.ncr-iran.org\/en\/news\/terrorism-a-fundamentalism\/protest-in-munich-against-the-iranian-foreign-minister\/","og_locale":"en_US","og_type":"article","og_title":"Protest in Munich Against the Iranian Regime's Foreign Minister - NCRI","og_description":"NCRI -\u00a0On Friday February 17th 2017, a protest gathering was staged against the Iranian Foreign Minister, Mohammad Javad Zarif in the city center of","og_url":"https:\/\/www.ncr-iran.org\/en\/news\/terrorism-a-fundamentalism\/protest-in-munich-against-the-iranian-foreign-minister\/","og_site_name":"NCRI","article_published_time":"2017-02-20T20:18:37+00:00","article_modified_time":"2023-01-17T04:56:31+00:00","og_image":[{"width":400,"height":250,"url":"https:\/\/www.ncr-iran.org\/en\/wp-content\/uploads\/2017\/02\/201721922135927739783.jpg","type":"image\/jpeg"}],"author":"Staff Writer","twitter_card":"summary_large_image","twitter_creator":"@iran_policy","twitter_site":"@iran_policy","twitter_misc":{"Written by":"Staff Writer","Est. reading time":"2 minutes"},"schema":{"@context":"https:\/\/schema.org","@graph":[{"@type":["Article","BlogPosting"],"@id":"https:\/\/www.ncr-iran.org\/en\/news\/terrorism-a-fundamentalism\/protest-in-munich-against-the-iranian-foreign-minister\/#article","isPartOf":{"@id":"https:\/\/www.ncr-iran.org\/en\/news\/terrorism-a-fundamentalism\/protest-in-munich-against-the-iranian-foreign-minister\/"},"author":{"name":"Staff Writer","@id":"https:\/\/www.ncr-iran.org\/en\/#\/schema\/person\/ed98db42da8577aea67046ab687f8a69"},"headline":"Protest in Munich Against the Iranian Regime&#8217;s Foreign Minister","datePublished":"2017-02-20T20:18:37+00:00","dateModified":"2023-01-17T04:56:31+00:00","mainEntityOfPage":{"@id":"https:\/\/www.ncr-iran.org\/en\/news\/terrorism-a-fundamentalism\/protest-in-munich-against-the-iranian-foreign-minister\/"},"wordCount":357,"commentCount":0,"publisher":{"@id":"https:\/\/www.ncr-iran.org\/en\/#organization"},"image":{"@id":"https:\/\/www.ncr-iran.org\/en\/news\/terrorism-a-fundamentalism\/protest-in-munich-against-the-iranian-foreign-minister\/#primaryimage"},"thumbnailUrl":"https:\/\/www.ncr-iran.org\/en\/wp-content\/uploads\/2017\/02\/201721922135927739783.jpg","keywords":["updated"],"articleSection":["Latest News on Iranian Terrorism"],"inLanguage":"en-US","potentialAction":[{"@type":"CommentAction","name":"Comment","target":["https:\/\/www.ncr-iran.org\/en\/news\/terrorism-a-fundamentalism\/protest-in-munich-against-the-iranian-foreign-minister\/#respond"]}]},{"@type":"WebPage","@id":"https:\/\/www.ncr-iran.org\/en\/news\/terrorism-a-fundamentalism\/protest-in-munich-against-the-iranian-foreign-minister\/","url":"https:\/\/www.ncr-iran.org\/en\/news\/terrorism-a-fundamentalism\/protest-in-munich-against-the-iranian-foreign-minister\/","name":"Protest in Munich Against the Iranian Regime's Foreign Minister - NCRI","isPartOf":{"@id":"https:\/\/www.ncr-iran.org\/en\/#website"},"primaryImageOfPage":{"@id":"https:\/\/www.ncr-iran.org\/en\/news\/terrorism-a-fundamentalism\/protest-in-munich-against-the-iranian-foreign-minister\/#primaryimage"},"image":{"@id":"https:\/\/www.ncr-iran.org\/en\/news\/terrorism-a-fundamentalism\/protest-in-munich-against-the-iranian-foreign-minister\/#primaryimage"},"thumbnailUrl":"https:\/\/www.ncr-iran.org\/en\/wp-content\/uploads\/2017\/02\/201721922135927739783.jpg","datePublished":"2017-02-20T20:18:37+00:00","dateModified":"2023-01-17T04:56:31+00:00","description":"NCRI -\u00a0On Friday February 17th 2017, a protest gathering was staged against the Iranian Foreign Minister, Mohammad Javad Zarif in the city center of","breadcrumb":{"@id":"https:\/\/www.ncr-iran.org\/en\/news\/terrorism-a-fundamentalism\/protest-in-munich-against-the-iranian-foreign-minister\/#breadcrumb"},"inLanguage":"en-US","potentialAction":[{"@type":"ReadAction","target":["https:\/\/www.ncr-iran.org\/en\/news\/terrorism-a-fundamentalism\/protest-in-munich-against-the-iranian-foreign-minister\/"]}]},{"@type":"ImageObject","inLanguage":"en-US","@id":"https:\/\/www.ncr-iran.org\/en\/news\/terrorism-a-fundamentalism\/protest-in-munich-against-the-iranian-foreign-minister\/#primaryimage","url":"https:\/\/www.ncr-iran.org\/en\/wp-content\/uploads\/2017\/02\/201721922135927739783.jpg","contentUrl":"https:\/\/www.ncr-iran.org\/en\/wp-content\/uploads\/2017\/02\/201721922135927739783.jpg","width":400,"height":250,"caption":"201721922135927739783"},{"@type":"BreadcrumbList","@id":"https:\/\/www.ncr-iran.org\/en\/news\/terrorism-a-fundamentalism\/protest-in-munich-against-the-iranian-foreign-minister\/#breadcrumb","itemListElement":[{"@type":"ListItem","position":1,"name":"Home","item":"https:\/\/www.ncr-iran.org\/en\/"},{"@type":"ListItem","position":2,"name":"Protest in Munich Against the Iranian Regime&#8217;s Foreign Minister"}]},{"@type":"WebSite","@id":"https:\/\/www.ncr-iran.org\/en\/#website","url":"https:\/\/www.ncr-iran.org\/en\/","name":"NCRI","description":"Official website of the National Council of Resistance of Iran","publisher":{"@id":"https:\/\/www.ncr-iran.org\/en\/#organization"},"potentialAction":[{"@type":"SearchAction","target":{"@type":"EntryPoint","urlTemplate":"https:\/\/www.ncr-iran.org\/en\/?s={search_term_string}"},"query-input":{"@type":"PropertyValueSpecification","valueRequired":true,"valueName":"search_term_string"}}],"inLanguage":"en-US"},{"@type":"Organization","@id":"https:\/\/www.ncr-iran.org\/en\/#organization","name":"Official website of the National Council of Resistance of Iran","alternateName":"Official website of the National Council of Resistance of Iran","url":"https:\/\/www.ncr-iran.org\/en\/","logo":{"@type":"ImageObject","inLanguage":"en-US","@id":"https:\/\/www.ncr-iran.org\/en\/#\/schema\/logo\/image\/","url":"https:\/\/www.ncr-iran.org\/en\/wp-content\/uploads\/2020\/01\/ncri-logo.jpg","contentUrl":"https:\/\/www.ncr-iran.org\/en\/wp-content\/uploads\/2020\/01\/ncri-logo.jpg","width":402,"height":100,"caption":"Official website of the National Council of Resistance of Iran"},"image":{"@id":"https:\/\/www.ncr-iran.org\/en\/#\/schema\/logo\/image\/"},"sameAs":["https:\/\/x.com\/iran_policy"]},{"@type":"Person","@id":"https:\/\/www.ncr-iran.org\/en\/#\/schema\/person\/ed98db42da8577aea67046ab687f8a69","name":"Staff Writer","image":{"@type":"ImageObject","inLanguage":"en-US","@id":"https:\/\/secure.gravatar.com\/avatar\/db69f6e8508e94cc75b7081d6f17c9ded7942d00226436d7aca31d003cba5525?s=96&d=mm&r=g","url":"https:\/\/secure.gravatar.com\/avatar\/db69f6e8508e94cc75b7081d6f17c9ded7942d00226436d7aca31d003cba5525?s=96&d=mm&r=g","contentUrl":"https:\/\/secure.gravatar.com\/avatar\/db69f6e8508e94cc75b7081d6f17c9ded7942d00226436d7aca31d003cba5525?s=96&d=mm&r=g","caption":"Staff Writer"},"url":"https:\/\/www.ncr-iran.org\/en\/author\/mostafa\/"}]}},"_links":{"self":[{"href":"https:\/\/www.ncr-iran.org\/en\/wp-json\/wp\/v2\/posts\/22199","targetHints":{"allow":["GET"]}}],"collection":[{"href":"https:\/\/www.ncr-iran.org\/en\/wp-json\/wp\/v2\/posts"}],"about":[{"href":"https:\/\/www.ncr-iran.org\/en\/wp-json\/wp\/v2\/types\/post"}],"author":[{"embeddable":true,"href":"https:\/\/www.ncr-iran.org\/en\/wp-json\/wp\/v2\/users\/10"}],"replies":[{"embeddable":true,"href":"https:\/\/www.ncr-iran.org\/en\/wp-json\/wp\/v2\/comments?post=22199"}],"version-history":[{"count":0,"href":"https:\/\/www.ncr-iran.org\/en\/wp-json\/wp\/v2\/posts\/22199\/revisions"}],"wp:featuredmedia":[{"embeddable":true,"href":"https:\/\/www.ncr-iran.org\/en\/wp-json\/wp\/v2\/media\/48137"}],"wp:attachment":[{"href":"https:\/\/www.ncr-iran.org\/en\/wp-json\/wp\/v2\/media?parent=22199"}],"wp:term":[{"taxonomy":"category","embeddable":true,"href":"https:\/\/www.ncr-iran.org\/en\/wp-json\/wp\/v2\/categories?post=22199"},{"taxonomy":"post_tag","embeddable":true,"href":"https:\/\/www.ncr-iran.org\/en\/wp-json\/wp\/v2\/tags?post=22199"}],"curies":[{"name":"wp","href":"https:\/\/api.w.org\/{rel}","templated":true}]}}