{"id":22229,"date":"2017-02-24T02:58:47","date_gmt":"2017-02-24T02:58:47","guid":{"rendered":"https:\/\/www.ncr-iran.org\/en\/news1613067580\/news-sp-256\/iran-a-world\/22229-rising-tensions-between-turkey-and-iran"},"modified":"2023-01-17T06:06:27","modified_gmt":"2023-01-17T05:06:27","slug":"rising-tensions-between-turkey-and-iran","status":"publish","type":"post","link":"https:\/\/www.ncr-iran.org\/en\/news\/iran-a-world\/rising-tensions-between-turkey-and-iran\/","title":{"rendered":"Rising Tensions Between Turkey and Iran"},"content":{"rendered":"<p><img decoding=\"async\" title=\"8C41899A-6B2A-4E4F-889B-7B612989DBDE_cx0_cy9_cw0_w1023_r1_s\" class=\" size-full wp-image-48161\" src=\"https:\/\/www.ncr-iran.org\/en\/wp-content\/uploads\/sites\/2\/2017\/02\/8C41899A-6B2A-4E4F-889B-7B612989DBDE_cx0_cy9_cw0_w1023_r1_s.jpg\" alt=\"8C41899A-6B2A-4E4F-889B-7B612989DBDE_cx0_cy9_cw0_w1023_r1_s\" width=\"400\" height=\"250\" srcset=\"https:\/\/www.ncr-iran.org\/en\/wp-content\/uploads\/2017\/02\/8C41899A-6B2A-4E4F-889B-7B612989DBDE_cx0_cy9_cw0_w1023_r1_s.jpg 400w, https:\/\/www.ncr-iran.org\/en\/wp-content\/uploads\/2017\/02\/8C41899A-6B2A-4E4F-889B-7B612989DBDE_cx0_cy9_cw0_w1023_r1_s-300x188.jpg 300w\" sizes=\"(max-width: 400px) 100vw, 400px\" \/><\/p>\n<p>NCRI &#8211;\u00a0Turkey has accused the Iranian regime of destabilizing the region. In response, the Iranian regime summoned the Turkish ambassador in Tehran.<\/p>\n<p>The consecutive remarks made by the Turkish officials in Bahrain and Munich have outraged the Iranian regime. The Turkish officials directly accused the Iranian regime of destabilizing the countries of the region and of trying to develop the sectarian policy in Syria and Iraq.<\/p>\n<p>Having summoned the Turkish ambassador in Tehran, the Iranian regime stated objection against the recent remarks made by the Turkish Foreign Minister, Mevl\u00fct \u00c7avu\u015fo\u011flu in Berlin.<\/p>\n<p>On February 22nd, the Turkish political Analyst, Mustafa \u00d6zcan in al-Arabiya TV stated in this regard:&#8221; the Iranian regime has been provoking the countries of the region for 36 years. As Mevl\u00fct \u00c7avu\u015fo\u011flu and the Prime Minister of Turkey, Binali Yildirim stated, the Iranian regime has been violating the sovereignty of nations. Turkey grinned and bore the Iranian regime in the past. Nevertheless, Turkey&#8217;s interests have been endangered due to the interference of the Iranian regime in Iraq and Syria. Therefore, they can show no tolerance anymore.<\/p>\n<p>The Iranian regime has to alter its approach in the region otherwise the conflict arises among the Iranian regime and the countries of the region such as Turkey, Saudi Arabia and other Gulf states since these countries are directly threatened by the Iranian regime or its puppets that are present in countries like Iraq and Syria.&#8221;<\/p>\n<p>In the end, Mustafa \u00d6zcan added: \u201cthe interference of the Iranian regime in the affairs of Arab countries means meddling in Turkey. This interference has endangered Turkey&#8217;s national security and its paramount interests in the region.&#8221;<\/p>\n","protected":false},"excerpt":{"rendered":"<p>NCRI &ndash;&nbsp;Turkey has accused the Iranian regime of destabilizing the region. In response, the Iranian regime summoned the Turkish ambassador in Tehran. The consecutive remarks made by the Turkish officials [&#8230;]<\/p>\n","protected":false},"author":10,"featured_media":48161,"comment_status":"open","ping_status":"open","sticky":false,"template":"","format":"standard","meta":{"footnotes":""},"categories":[18],"tags":[175],"class_list":{"0":"post-22229","1":"post","2":"type-post","3":"status-publish","4":"format-standard","5":"has-post-thumbnail","7":"category-iran-a-world","8":"tag-updated"},"yoast_head":"<!-- This site is optimized with the Yoast SEO plugin v27.4 - https:\/\/yoast.com\/product\/yoast-seo-wordpress\/ -->\n<title>Rising Tensions Between Turkey and Iran - NCRI<\/title>\n<meta name=\"description\" content=\"NCRI -\u00a0Turkey has accused the Iranian regime of destabilizing the region. In response, the Iranian regime summoned the Turkish ambassador in Tehran. The\" \/>\n<meta name=\"robots\" content=\"index, follow, max-snippet:-1, max-image-preview:large, max-video-preview:-1\" \/>\n<link rel=\"canonical\" href=\"https:\/\/www.ncr-iran.org\/en\/news\/iran-a-world\/rising-tensions-between-turkey-and-iran\/\" \/>\n<meta property=\"og:locale\" content=\"en_US\" \/>\n<meta property=\"og:type\" content=\"article\" \/>\n<meta property=\"og:title\" content=\"Rising Tensions Between Turkey and Iran - NCRI\" \/>\n<meta property=\"og:description\" content=\"NCRI -\u00a0Turkey has accused the Iranian regime of destabilizing the region. In response, the Iranian regime summoned the Turkish ambassador in Tehran. The\" \/>\n<meta property=\"og:url\" content=\"https:\/\/www.ncr-iran.org\/en\/news\/iran-a-world\/rising-tensions-between-turkey-and-iran\/\" \/>\n<meta property=\"og:site_name\" content=\"NCRI\" \/>\n<meta property=\"article:published_time\" content=\"2017-02-24T02:58:47+00:00\" \/>\n<meta property=\"article:modified_time\" content=\"2023-01-17T05:06:27+00:00\" \/>\n<meta property=\"og:image\" content=\"https:\/\/www.ncr-iran.org\/en\/wp-content\/uploads\/2017\/02\/8C41899A-6B2A-4E4F-889B-7B612989DBDE_cx0_cy9_cw0_w1023_r1_s.jpg\" \/>\n\t<meta property=\"og:image:width\" content=\"400\" \/>\n\t<meta property=\"og:image:height\" content=\"250\" \/>\n\t<meta property=\"og:image:type\" content=\"image\/jpeg\" \/>\n<meta name=\"author\" content=\"Staff Writer\" \/>\n<meta name=\"twitter:card\" content=\"summary_large_image\" \/>\n<meta name=\"twitter:creator\" content=\"@iran_policy\" \/>\n<meta name=\"twitter:site\" content=\"@iran_policy\" \/>\n<meta name=\"twitter:label1\" content=\"Written by\" \/>\n\t<meta name=\"twitter:data1\" content=\"Staff Writer\" \/>\n\t<meta name=\"twitter:label2\" content=\"Est. reading time\" \/>\n\t<meta name=\"twitter:data2\" content=\"1 minute\" \/>\n<script type=\"application\/ld+json\" class=\"yoast-schema-graph\">{\"@context\":\"https:\\\/\\\/schema.org\",\"@graph\":[{\"@type\":[\"Article\",\"BlogPosting\"],\"@id\":\"https:\\\/\\\/www.ncr-iran.org\\\/en\\\/news\\\/iran-a-world\\\/rising-tensions-between-turkey-and-iran\\\/#article\",\"isPartOf\":{\"@id\":\"https:\\\/\\\/www.ncr-iran.org\\\/en\\\/news\\\/iran-a-world\\\/rising-tensions-between-turkey-and-iran\\\/\"},\"author\":{\"name\":\"Staff Writer\",\"@id\":\"https:\\\/\\\/www.ncr-iran.org\\\/en\\\/#\\\/schema\\\/person\\\/ed98db42da8577aea67046ab687f8a69\"},\"headline\":\"Rising Tensions Between Turkey and Iran\",\"datePublished\":\"2017-02-24T02:58:47+00:00\",\"dateModified\":\"2023-01-17T05:06:27+00:00\",\"mainEntityOfPage\":{\"@id\":\"https:\\\/\\\/www.ncr-iran.org\\\/en\\\/news\\\/iran-a-world\\\/rising-tensions-between-turkey-and-iran\\\/\"},\"wordCount\":285,\"commentCount\":0,\"publisher\":{\"@id\":\"https:\\\/\\\/www.ncr-iran.org\\\/en\\\/#organization\"},\"image\":{\"@id\":\"https:\\\/\\\/www.ncr-iran.org\\\/en\\\/news\\\/iran-a-world\\\/rising-tensions-between-turkey-and-iran\\\/#primaryimage\"},\"thumbnailUrl\":\"https:\\\/\\\/www.ncr-iran.org\\\/en\\\/wp-content\\\/uploads\\\/2017\\\/02\\\/8C41899A-6B2A-4E4F-889B-7B612989DBDE_cx0_cy9_cw0_w1023_r1_s.jpg\",\"keywords\":[\"updated\"],\"articleSection\":[\"World News Iran\"],\"inLanguage\":\"en-US\",\"potentialAction\":[{\"@type\":\"CommentAction\",\"name\":\"Comment\",\"target\":[\"https:\\\/\\\/www.ncr-iran.org\\\/en\\\/news\\\/iran-a-world\\\/rising-tensions-between-turkey-and-iran\\\/#respond\"]}]},{\"@type\":\"WebPage\",\"@id\":\"https:\\\/\\\/www.ncr-iran.org\\\/en\\\/news\\\/iran-a-world\\\/rising-tensions-between-turkey-and-iran\\\/\",\"url\":\"https:\\\/\\\/www.ncr-iran.org\\\/en\\\/news\\\/iran-a-world\\\/rising-tensions-between-turkey-and-iran\\\/\",\"name\":\"Rising Tensions Between Turkey and Iran - NCRI\",\"isPartOf\":{\"@id\":\"https:\\\/\\\/www.ncr-iran.org\\\/en\\\/#website\"},\"primaryImageOfPage\":{\"@id\":\"https:\\\/\\\/www.ncr-iran.org\\\/en\\\/news\\\/iran-a-world\\\/rising-tensions-between-turkey-and-iran\\\/#primaryimage\"},\"image\":{\"@id\":\"https:\\\/\\\/www.ncr-iran.org\\\/en\\\/news\\\/iran-a-world\\\/rising-tensions-between-turkey-and-iran\\\/#primaryimage\"},\"thumbnailUrl\":\"https:\\\/\\\/www.ncr-iran.org\\\/en\\\/wp-content\\\/uploads\\\/2017\\\/02\\\/8C41899A-6B2A-4E4F-889B-7B612989DBDE_cx0_cy9_cw0_w1023_r1_s.jpg\",\"datePublished\":\"2017-02-24T02:58:47+00:00\",\"dateModified\":\"2023-01-17T05:06:27+00:00\",\"description\":\"NCRI -\u00a0Turkey has accused the Iranian regime of destabilizing the region. In response, the Iranian regime summoned the Turkish ambassador in Tehran. The\",\"breadcrumb\":{\"@id\":\"https:\\\/\\\/www.ncr-iran.org\\\/en\\\/news\\\/iran-a-world\\\/rising-tensions-between-turkey-and-iran\\\/#breadcrumb\"},\"inLanguage\":\"en-US\",\"potentialAction\":[{\"@type\":\"ReadAction\",\"target\":[\"https:\\\/\\\/www.ncr-iran.org\\\/en\\\/news\\\/iran-a-world\\\/rising-tensions-between-turkey-and-iran\\\/\"]}]},{\"@type\":\"ImageObject\",\"inLanguage\":\"en-US\",\"@id\":\"https:\\\/\\\/www.ncr-iran.org\\\/en\\\/news\\\/iran-a-world\\\/rising-tensions-between-turkey-and-iran\\\/#primaryimage\",\"url\":\"https:\\\/\\\/www.ncr-iran.org\\\/en\\\/wp-content\\\/uploads\\\/2017\\\/02\\\/8C41899A-6B2A-4E4F-889B-7B612989DBDE_cx0_cy9_cw0_w1023_r1_s.jpg\",\"contentUrl\":\"https:\\\/\\\/www.ncr-iran.org\\\/en\\\/wp-content\\\/uploads\\\/2017\\\/02\\\/8C41899A-6B2A-4E4F-889B-7B612989DBDE_cx0_cy9_cw0_w1023_r1_s.jpg\",\"width\":400,\"height\":250,\"caption\":\"8C41899A-6B2A-4E4F-889B-7B612989DBDE_cx0_cy9_cw0_w1023_r1_s\"},{\"@type\":\"BreadcrumbList\",\"@id\":\"https:\\\/\\\/www.ncr-iran.org\\\/en\\\/news\\\/iran-a-world\\\/rising-tensions-between-turkey-and-iran\\\/#breadcrumb\",\"itemListElement\":[{\"@type\":\"ListItem\",\"position\":1,\"name\":\"Home\",\"item\":\"https:\\\/\\\/www.ncr-iran.org\\\/en\\\/\"},{\"@type\":\"ListItem\",\"position\":2,\"name\":\"Rising Tensions Between Turkey and Iran\"}]},{\"@type\":\"WebSite\",\"@id\":\"https:\\\/\\\/www.ncr-iran.org\\\/en\\\/#website\",\"url\":\"https:\\\/\\\/www.ncr-iran.org\\\/en\\\/\",\"name\":\"NCRI\",\"description\":\"Official website of the National Council of Resistance of Iran\",\"publisher\":{\"@id\":\"https:\\\/\\\/www.ncr-iran.org\\\/en\\\/#organization\"},\"potentialAction\":[{\"@type\":\"SearchAction\",\"target\":{\"@type\":\"EntryPoint\",\"urlTemplate\":\"https:\\\/\\\/www.ncr-iran.org\\\/en\\\/?s={search_term_string}\"},\"query-input\":{\"@type\":\"PropertyValueSpecification\",\"valueRequired\":true,\"valueName\":\"search_term_string\"}}],\"inLanguage\":\"en-US\"},{\"@type\":\"Organization\",\"@id\":\"https:\\\/\\\/www.ncr-iran.org\\\/en\\\/#organization\",\"name\":\"Official website of the National Council of Resistance of Iran\",\"alternateName\":\"Official website of the National Council of Resistance of Iran\",\"url\":\"https:\\\/\\\/www.ncr-iran.org\\\/en\\\/\",\"logo\":{\"@type\":\"ImageObject\",\"inLanguage\":\"en-US\",\"@id\":\"https:\\\/\\\/www.ncr-iran.org\\\/en\\\/#\\\/schema\\\/logo\\\/image\\\/\",\"url\":\"https:\\\/\\\/www.ncr-iran.org\\\/en\\\/wp-content\\\/uploads\\\/2020\\\/01\\\/ncri-logo.jpg\",\"contentUrl\":\"https:\\\/\\\/www.ncr-iran.org\\\/en\\\/wp-content\\\/uploads\\\/2020\\\/01\\\/ncri-logo.jpg\",\"width\":402,\"height\":100,\"caption\":\"Official website of the National Council of Resistance of Iran\"},\"image\":{\"@id\":\"https:\\\/\\\/www.ncr-iran.org\\\/en\\\/#\\\/schema\\\/logo\\\/image\\\/\"},\"sameAs\":[\"https:\\\/\\\/x.com\\\/iran_policy\"]},{\"@type\":\"Person\",\"@id\":\"https:\\\/\\\/www.ncr-iran.org\\\/en\\\/#\\\/schema\\\/person\\\/ed98db42da8577aea67046ab687f8a69\",\"name\":\"Staff Writer\",\"image\":{\"@type\":\"ImageObject\",\"inLanguage\":\"en-US\",\"@id\":\"https:\\\/\\\/secure.gravatar.com\\\/avatar\\\/db69f6e8508e94cc75b7081d6f17c9ded7942d00226436d7aca31d003cba5525?s=96&d=mm&r=g\",\"url\":\"https:\\\/\\\/secure.gravatar.com\\\/avatar\\\/db69f6e8508e94cc75b7081d6f17c9ded7942d00226436d7aca31d003cba5525?s=96&d=mm&r=g\",\"contentUrl\":\"https:\\\/\\\/secure.gravatar.com\\\/avatar\\\/db69f6e8508e94cc75b7081d6f17c9ded7942d00226436d7aca31d003cba5525?s=96&d=mm&r=g\",\"caption\":\"Staff Writer\"},\"url\":\"https:\\\/\\\/www.ncr-iran.org\\\/en\\\/author\\\/mostafa\\\/\"}]}<\/script>\n<!-- \/ Yoast SEO plugin. -->","yoast_head_json":{"title":"Rising Tensions Between Turkey and Iran - NCRI","description":"NCRI -\u00a0Turkey has accused the Iranian regime of destabilizing the region. In response, the Iranian regime summoned the Turkish ambassador in Tehran. The","robots":{"index":"index","follow":"follow","max-snippet":"max-snippet:-1","max-image-preview":"max-image-preview:large","max-video-preview":"max-video-preview:-1"},"canonical":"https:\/\/www.ncr-iran.org\/en\/news\/iran-a-world\/rising-tensions-between-turkey-and-iran\/","og_locale":"en_US","og_type":"article","og_title":"Rising Tensions Between Turkey and Iran - NCRI","og_description":"NCRI -\u00a0Turkey has accused the Iranian regime of destabilizing the region. In response, the Iranian regime summoned the Turkish ambassador in Tehran. The","og_url":"https:\/\/www.ncr-iran.org\/en\/news\/iran-a-world\/rising-tensions-between-turkey-and-iran\/","og_site_name":"NCRI","article_published_time":"2017-02-24T02:58:47+00:00","article_modified_time":"2023-01-17T05:06:27+00:00","og_image":[{"width":400,"height":250,"url":"https:\/\/www.ncr-iran.org\/en\/wp-content\/uploads\/2017\/02\/8C41899A-6B2A-4E4F-889B-7B612989DBDE_cx0_cy9_cw0_w1023_r1_s.jpg","type":"image\/jpeg"}],"author":"Staff Writer","twitter_card":"summary_large_image","twitter_creator":"@iran_policy","twitter_site":"@iran_policy","twitter_misc":{"Written by":"Staff Writer","Est. reading time":"1 minute"},"schema":{"@context":"https:\/\/schema.org","@graph":[{"@type":["Article","BlogPosting"],"@id":"https:\/\/www.ncr-iran.org\/en\/news\/iran-a-world\/rising-tensions-between-turkey-and-iran\/#article","isPartOf":{"@id":"https:\/\/www.ncr-iran.org\/en\/news\/iran-a-world\/rising-tensions-between-turkey-and-iran\/"},"author":{"name":"Staff Writer","@id":"https:\/\/www.ncr-iran.org\/en\/#\/schema\/person\/ed98db42da8577aea67046ab687f8a69"},"headline":"Rising Tensions Between Turkey and Iran","datePublished":"2017-02-24T02:58:47+00:00","dateModified":"2023-01-17T05:06:27+00:00","mainEntityOfPage":{"@id":"https:\/\/www.ncr-iran.org\/en\/news\/iran-a-world\/rising-tensions-between-turkey-and-iran\/"},"wordCount":285,"commentCount":0,"publisher":{"@id":"https:\/\/www.ncr-iran.org\/en\/#organization"},"image":{"@id":"https:\/\/www.ncr-iran.org\/en\/news\/iran-a-world\/rising-tensions-between-turkey-and-iran\/#primaryimage"},"thumbnailUrl":"https:\/\/www.ncr-iran.org\/en\/wp-content\/uploads\/2017\/02\/8C41899A-6B2A-4E4F-889B-7B612989DBDE_cx0_cy9_cw0_w1023_r1_s.jpg","keywords":["updated"],"articleSection":["World News Iran"],"inLanguage":"en-US","potentialAction":[{"@type":"CommentAction","name":"Comment","target":["https:\/\/www.ncr-iran.org\/en\/news\/iran-a-world\/rising-tensions-between-turkey-and-iran\/#respond"]}]},{"@type":"WebPage","@id":"https:\/\/www.ncr-iran.org\/en\/news\/iran-a-world\/rising-tensions-between-turkey-and-iran\/","url":"https:\/\/www.ncr-iran.org\/en\/news\/iran-a-world\/rising-tensions-between-turkey-and-iran\/","name":"Rising Tensions Between Turkey and Iran - NCRI","isPartOf":{"@id":"https:\/\/www.ncr-iran.org\/en\/#website"},"primaryImageOfPage":{"@id":"https:\/\/www.ncr-iran.org\/en\/news\/iran-a-world\/rising-tensions-between-turkey-and-iran\/#primaryimage"},"image":{"@id":"https:\/\/www.ncr-iran.org\/en\/news\/iran-a-world\/rising-tensions-between-turkey-and-iran\/#primaryimage"},"thumbnailUrl":"https:\/\/www.ncr-iran.org\/en\/wp-content\/uploads\/2017\/02\/8C41899A-6B2A-4E4F-889B-7B612989DBDE_cx0_cy9_cw0_w1023_r1_s.jpg","datePublished":"2017-02-24T02:58:47+00:00","dateModified":"2023-01-17T05:06:27+00:00","description":"NCRI -\u00a0Turkey has accused the Iranian regime of destabilizing the region. In response, the Iranian regime summoned the Turkish ambassador in Tehran. The","breadcrumb":{"@id":"https:\/\/www.ncr-iran.org\/en\/news\/iran-a-world\/rising-tensions-between-turkey-and-iran\/#breadcrumb"},"inLanguage":"en-US","potentialAction":[{"@type":"ReadAction","target":["https:\/\/www.ncr-iran.org\/en\/news\/iran-a-world\/rising-tensions-between-turkey-and-iran\/"]}]},{"@type":"ImageObject","inLanguage":"en-US","@id":"https:\/\/www.ncr-iran.org\/en\/news\/iran-a-world\/rising-tensions-between-turkey-and-iran\/#primaryimage","url":"https:\/\/www.ncr-iran.org\/en\/wp-content\/uploads\/2017\/02\/8C41899A-6B2A-4E4F-889B-7B612989DBDE_cx0_cy9_cw0_w1023_r1_s.jpg","contentUrl":"https:\/\/www.ncr-iran.org\/en\/wp-content\/uploads\/2017\/02\/8C41899A-6B2A-4E4F-889B-7B612989DBDE_cx0_cy9_cw0_w1023_r1_s.jpg","width":400,"height":250,"caption":"8C41899A-6B2A-4E4F-889B-7B612989DBDE_cx0_cy9_cw0_w1023_r1_s"},{"@type":"BreadcrumbList","@id":"https:\/\/www.ncr-iran.org\/en\/news\/iran-a-world\/rising-tensions-between-turkey-and-iran\/#breadcrumb","itemListElement":[{"@type":"ListItem","position":1,"name":"Home","item":"https:\/\/www.ncr-iran.org\/en\/"},{"@type":"ListItem","position":2,"name":"Rising Tensions Between Turkey and Iran"}]},{"@type":"WebSite","@id":"https:\/\/www.ncr-iran.org\/en\/#website","url":"https:\/\/www.ncr-iran.org\/en\/","name":"NCRI","description":"Official website of the National Council of Resistance of Iran","publisher":{"@id":"https:\/\/www.ncr-iran.org\/en\/#organization"},"potentialAction":[{"@type":"SearchAction","target":{"@type":"EntryPoint","urlTemplate":"https:\/\/www.ncr-iran.org\/en\/?s={search_term_string}"},"query-input":{"@type":"PropertyValueSpecification","valueRequired":true,"valueName":"search_term_string"}}],"inLanguage":"en-US"},{"@type":"Organization","@id":"https:\/\/www.ncr-iran.org\/en\/#organization","name":"Official website of the National Council of Resistance of Iran","alternateName":"Official website of the National Council of Resistance of Iran","url":"https:\/\/www.ncr-iran.org\/en\/","logo":{"@type":"ImageObject","inLanguage":"en-US","@id":"https:\/\/www.ncr-iran.org\/en\/#\/schema\/logo\/image\/","url":"https:\/\/www.ncr-iran.org\/en\/wp-content\/uploads\/2020\/01\/ncri-logo.jpg","contentUrl":"https:\/\/www.ncr-iran.org\/en\/wp-content\/uploads\/2020\/01\/ncri-logo.jpg","width":402,"height":100,"caption":"Official website of the National Council of Resistance of Iran"},"image":{"@id":"https:\/\/www.ncr-iran.org\/en\/#\/schema\/logo\/image\/"},"sameAs":["https:\/\/x.com\/iran_policy"]},{"@type":"Person","@id":"https:\/\/www.ncr-iran.org\/en\/#\/schema\/person\/ed98db42da8577aea67046ab687f8a69","name":"Staff Writer","image":{"@type":"ImageObject","inLanguage":"en-US","@id":"https:\/\/secure.gravatar.com\/avatar\/db69f6e8508e94cc75b7081d6f17c9ded7942d00226436d7aca31d003cba5525?s=96&d=mm&r=g","url":"https:\/\/secure.gravatar.com\/avatar\/db69f6e8508e94cc75b7081d6f17c9ded7942d00226436d7aca31d003cba5525?s=96&d=mm&r=g","contentUrl":"https:\/\/secure.gravatar.com\/avatar\/db69f6e8508e94cc75b7081d6f17c9ded7942d00226436d7aca31d003cba5525?s=96&d=mm&r=g","caption":"Staff Writer"},"url":"https:\/\/www.ncr-iran.org\/en\/author\/mostafa\/"}]}},"_links":{"self":[{"href":"https:\/\/www.ncr-iran.org\/en\/wp-json\/wp\/v2\/posts\/22229","targetHints":{"allow":["GET"]}}],"collection":[{"href":"https:\/\/www.ncr-iran.org\/en\/wp-json\/wp\/v2\/posts"}],"about":[{"href":"https:\/\/www.ncr-iran.org\/en\/wp-json\/wp\/v2\/types\/post"}],"author":[{"embeddable":true,"href":"https:\/\/www.ncr-iran.org\/en\/wp-json\/wp\/v2\/users\/10"}],"replies":[{"embeddable":true,"href":"https:\/\/www.ncr-iran.org\/en\/wp-json\/wp\/v2\/comments?post=22229"}],"version-history":[{"count":0,"href":"https:\/\/www.ncr-iran.org\/en\/wp-json\/wp\/v2\/posts\/22229\/revisions"}],"wp:featuredmedia":[{"embeddable":true,"href":"https:\/\/www.ncr-iran.org\/en\/wp-json\/wp\/v2\/media\/48161"}],"wp:attachment":[{"href":"https:\/\/www.ncr-iran.org\/en\/wp-json\/wp\/v2\/media?parent=22229"}],"wp:term":[{"taxonomy":"category","embeddable":true,"href":"https:\/\/www.ncr-iran.org\/en\/wp-json\/wp\/v2\/categories?post=22229"},{"taxonomy":"post_tag","embeddable":true,"href":"https:\/\/www.ncr-iran.org\/en\/wp-json\/wp\/v2\/tags?post=22229"}],"curies":[{"name":"wp","href":"https:\/\/api.w.org\/{rel}","templated":true}]}}