{"id":223936,"date":"2020-08-14T21:01:45","date_gmt":"2020-08-14T20:01:45","guid":{"rendered":"https:\/\/www.ncr-iran.org\/en\/?p=223936"},"modified":"2023-01-25T08:10:52","modified_gmt":"2023-01-25T07:10:52","slug":"belgian-lawmakers-urge-labor-organization-to-stand-with-irans-risen-oil-workers","status":"publish","type":"post","link":"https:\/\/www.ncr-iran.org\/en\/news\/belgian-lawmakers-urge-labor-organization-to-stand-with-irans-risen-oil-workers\/","title":{"rendered":"Belgian Lawmakers Urge Labor Organization to Stand With Iran\u2019s Risen Oil Workers"},"content":{"rendered":"<p><img decoding=\"async\" title=\"Belgique\" class=\"size-large wp-image-223937 aligncenter\" src=\"https:\/\/www.ncr-iran.org\/en\/wp-content\/uploads\/2020\/08\/Belgique-1024x576.jpg\" alt=\"Belgique\" width=\"696\" height=\"392\" srcset=\"https:\/\/www.ncr-iran.org\/en\/wp-content\/uploads\/2020\/08\/Belgique-1024x576.jpg 1024w, https:\/\/www.ncr-iran.org\/en\/wp-content\/uploads\/2020\/08\/Belgique-300x169.jpg 300w, https:\/\/www.ncr-iran.org\/en\/wp-content\/uploads\/2020\/08\/Belgique-768x432.jpg 768w, https:\/\/www.ncr-iran.org\/en\/wp-content\/uploads\/2020\/08\/Belgique-696x392.jpg 696w, https:\/\/www.ncr-iran.org\/en\/wp-content\/uploads\/2020\/08\/Belgique-1068x601.jpg 1068w, https:\/\/www.ncr-iran.org\/en\/wp-content\/uploads\/2020\/08\/Belgique-747x420.jpg 747w, https:\/\/www.ncr-iran.org\/en\/wp-content\/uploads\/2020\/08\/Belgique.jpg 1280w\" sizes=\"(max-width: 696px) 100vw, 696px\" \/><\/p>\n<p>The Belgian Committee of Parliamentarians and Mayors for a Democratic Iran in a letter to the Belgium Labour Federation expressed its solidarity with the <a target=\"_blank\" href=\"https:\/\/www.ncr-iran.org\/en\/ncri-statements\/statement-iran-protest\/iran-oil-gas-and-petrochemical-workers-strikes-enter-13th-day-running-spread-to-the-railway-sector\/\" rel=\"noopener noreferrer\">Iranian oil and petrochemical workers<\/a> who are on strike. They also urged the Labour Federation to stand with the Iranian workers and support their righteous demands.<\/p>\n<p>The Belgian lawmakers also condemned the Iranian regime\u2019s ongoing human rights violations and executions.<\/p>\n<p>Thursday, August 13, marked the 13th day of a<a target=\"_blank\" href=\"https:\/\/www.ncr-iran.org\/en\/news\/iran-protests\/ongoing-oil-workers-strike-crushing-blow-to-iran-regimes-oil-dependent-economy\/\" rel=\"noopener noreferrer\"> strike by tens of thousands of Iran\u2019s oil,<\/a> gas, and petrochemical workers and employees. These strikes are taking place in 51 locations in the provinces of Isfahan, Ardabil, East Azerbaijan, West Azerbaijan, Ilam, Bushehr, Khorasan Razavi, Khuzestan, Fars, Sistan and Baluchistan, Markazi and Hormozgan. The striking workers are enduring intolerable working conditions in extreme heat and challenging living conditions. They do not have job security because they have been forced to sign temporary contracts. Nor are they covered by health insurance, nor do they receive pensions. The employers can fire them at any time. Their wages are many times lower than the poverty line, and even these meager wages have not been paid for several months.<\/p>\n<p><strong>The full text of the Belgian lawmakers\u2019 letter is below:<\/strong><\/p>\n<p>Oil, gas, petrochemical workers strikes in 12 provinces enter entered its twelfth day.<\/p>\n<p>Dear Representative of Belgium Labour federation,<\/p>\n<p>The Iranian authorities after China maintain highest execution rate according Amnesty International and Iranian Opposition. More than 160 people have been executed in Iran this year, including some who were minors and workers.<\/p>\n<p>Mustafa Salehi, a construction worker, was executed on August 5 this year; he was arrested during the protests of 2017-2018 against the increase in fuel prices.<\/p>\n<p>Iranian workers have never been under such pressure during four decades of the mullahs\u2019 rule, and they have never experienced such an unbearable situation. Because this year, they also face another enemy called the Covid19, and they have to fight empty-handed on both fronts.<\/p>\n<p>More than 96 percent of workers without any insurance, work under the daily-paid bases and are under no coverage. \u201cIf a worker does not work during the day, he will have no salary and no money for dinner,\u201d said the regime\u2019s President Hassan Rouhani, justifying the abolition of quarantine and forcing workers back to work. They do not enjoy the minimum safety standards in factories and workshops and do not have the right to protest. Each protest is responded to with imprisonment, torture, or at the very least, layoffs.<\/p>\n<p>The nationwide strike of oil, gas, and petrochemical workers and employees continued in 20 cities in 12 provinces because of unpaid salaries. Workers and employees of 44 refineries, companies, and factories affiliated with the oil, gas, and petrochemical industry in Isfahan, Ardabil, West Azerbaijan, East<\/p>\n<p>Azerbaijan, Ilam, Bushehr, Khorasan Razavi, Khuzestan, Fars, Sistan and Baluchestan, Central, and Hormozgan are on strike. More and more workers and employees of companies and refineries are joining the strike every day.<\/p>\n<p>At the same time, on their 55th day of the strike, the workers of Haft Tappeh Sugarcane Industrial Complex rallied in the city of Shush, today, and announced that they would continue to pursue their demands, including the dismissal of a regime-affiliated official who took over the complex under the pretext of privatizing the company.<\/p>\n<p>We urge the International Labor Organization and trade unions in Belgium to support:<\/p>\n<p>the continuation of the workers&#8217; strike to achieve their rights<\/p>\n<p>the release of all arrested workers<\/p>\n<p>the abolition of inhumane punishments against workers.<\/p>\n<p>to condemn the anti-labor regime&#8217;s in Iran.<\/p>\n<p>Best regards,<\/p>\n<p>Belgian Committee of Parliamentarians and Mayors for a Democratic Iran<\/p>\n<p>Dirk Claes, Pr\u00e9sident du comit\u00e9, S\u00e9nateur et Echevin honoraire, Pierre Galand, S\u00e9nateur honoraire et Pr\u00e9sident de l&#8217;OMCT Europe Serge De Patoul, D\u00e9put\u00e9 et Echevin honoraire<\/p>\n<p><a target=\"_blank\" href=\"https:\/\/stats.sender.net\/forms\/dGYVLa\/view\" rel=\"noopener noreferrer\"><img decoding=\"async\" title=\"Weekly-Signe-up-logo\" class=\"size-full wp-image-219239 aligncenter\" src=\"https:\/\/www.ncr-iran.org\/en\/wp-content\/uploads\/2020\/05\/Weekly-Signe-up-logo.png\" alt=\"Weekly-Signe-up-logo\" width=\"319\" height=\"106\" \/><\/a><\/p>\n<p>&nbsp;<\/p>\n","protected":false},"excerpt":{"rendered":"<p>The Belgian Committee of Parliamentarians and Mayors for a Democratic Iran in a letter to the Belgium Labour Federation expressed its solidarity with the Iranian oil and petrochemical workers who [&#8230;]<\/p>\n","protected":false},"author":18,"featured_media":223937,"comment_status":"closed","ping_status":"closed","sticky":false,"template":"","format":"standard","meta":{"footnotes":""},"categories":[45,9],"tags":[129,130,198],"class_list":{"0":"post-223936","1":"post","2":"type-post","3":"status-publish","4":"format-standard","5":"has-post-thumbnail","7":"category-news","8":"category-iran-protests","9":"tag-iran","10":"tag-iran-protests","11":"tag-ncri"},"yoast_head":"<!-- This site is optimized with the Yoast SEO plugin v27.4 - https:\/\/yoast.com\/product\/yoast-seo-wordpress\/ -->\n<title>Belgian Lawmakers Urge Labor Organization to Stand With Iran\u2019s Risen Oil Workers - NCRI<\/title>\n<meta name=\"description\" content=\"The Belgian Committee of Parliamentarians and Mayors for a Democratic Iran in a letter to the Belgium Labour Federation expressed its solidarity with the\" \/>\n<meta name=\"robots\" content=\"index, follow, max-snippet:-1, max-image-preview:large, max-video-preview:-1\" \/>\n<link rel=\"canonical\" href=\"https:\/\/www.ncr-iran.org\/en\/news\/belgian-lawmakers-urge-labor-organization-to-stand-with-irans-risen-oil-workers\/\" \/>\n<meta property=\"og:locale\" content=\"en_US\" \/>\n<meta property=\"og:type\" content=\"article\" \/>\n<meta property=\"og:title\" content=\"Belgian Lawmakers Urge Labor Organization to Stand With Iran\u2019s Risen Oil Workers - NCRI\" \/>\n<meta property=\"og:description\" content=\"The Belgian Committee of Parliamentarians and Mayors for a Democratic Iran in a letter to the Belgium Labour Federation expressed its solidarity with the\" \/>\n<meta property=\"og:url\" content=\"https:\/\/www.ncr-iran.org\/en\/news\/belgian-lawmakers-urge-labor-organization-to-stand-with-irans-risen-oil-workers\/\" \/>\n<meta property=\"og:site_name\" content=\"NCRI\" \/>\n<meta property=\"article:published_time\" content=\"2020-08-14T20:01:45+00:00\" \/>\n<meta property=\"article:modified_time\" content=\"2023-01-25T07:10:52+00:00\" \/>\n<meta property=\"og:image\" content=\"https:\/\/www.ncr-iran.org\/en\/wp-content\/uploads\/2020\/08\/Belgique.jpg\" \/>\n\t<meta property=\"og:image:width\" content=\"1280\" \/>\n\t<meta property=\"og:image:height\" content=\"720\" \/>\n\t<meta property=\"og:image:type\" content=\"image\/jpeg\" \/>\n<meta name=\"author\" content=\"Sedighe Shahrokhi\" \/>\n<meta name=\"twitter:card\" content=\"summary_large_image\" \/>\n<meta name=\"twitter:creator\" content=\"@iran_policy\" \/>\n<meta name=\"twitter:site\" content=\"@iran_policy\" \/>\n<meta name=\"twitter:label1\" content=\"Written by\" \/>\n\t<meta name=\"twitter:data1\" content=\"Sedighe Shahrokhi\" \/>\n\t<meta name=\"twitter:label2\" content=\"Est. reading time\" \/>\n\t<meta name=\"twitter:data2\" content=\"3 minutes\" \/>\n<script type=\"application\/ld+json\" class=\"yoast-schema-graph\">{\"@context\":\"https:\\\/\\\/schema.org\",\"@graph\":[{\"@type\":[\"Article\",\"BlogPosting\"],\"@id\":\"https:\\\/\\\/www.ncr-iran.org\\\/en\\\/news\\\/belgian-lawmakers-urge-labor-organization-to-stand-with-irans-risen-oil-workers\\\/#article\",\"isPartOf\":{\"@id\":\"https:\\\/\\\/www.ncr-iran.org\\\/en\\\/news\\\/belgian-lawmakers-urge-labor-organization-to-stand-with-irans-risen-oil-workers\\\/\"},\"author\":{\"name\":\"Sedighe Shahrokhi\",\"@id\":\"https:\\\/\\\/www.ncr-iran.org\\\/en\\\/#\\\/schema\\\/person\\\/192dca518f3da7c19e0aef04ffe2247e\"},\"headline\":\"Belgian Lawmakers Urge Labor Organization to Stand With Iran\u2019s Risen Oil Workers\",\"datePublished\":\"2020-08-14T20:01:45+00:00\",\"dateModified\":\"2023-01-25T07:10:52+00:00\",\"mainEntityOfPage\":{\"@id\":\"https:\\\/\\\/www.ncr-iran.org\\\/en\\\/news\\\/belgian-lawmakers-urge-labor-organization-to-stand-with-irans-risen-oil-workers\\\/\"},\"wordCount\":637,\"publisher\":{\"@id\":\"https:\\\/\\\/www.ncr-iran.org\\\/en\\\/#organization\"},\"image\":{\"@id\":\"https:\\\/\\\/www.ncr-iran.org\\\/en\\\/news\\\/belgian-lawmakers-urge-labor-organization-to-stand-with-irans-risen-oil-workers\\\/#primaryimage\"},\"thumbnailUrl\":\"https:\\\/\\\/www.ncr-iran.org\\\/en\\\/wp-content\\\/uploads\\\/2020\\\/08\\\/Belgique.jpg\",\"keywords\":[\"Iran\",\"Iran Protests\",\"NCRI\"],\"articleSection\":[\"Iran News Now\",\"Iran Protests &amp; Demonstrations\"],\"inLanguage\":\"en-US\"},{\"@type\":\"WebPage\",\"@id\":\"https:\\\/\\\/www.ncr-iran.org\\\/en\\\/news\\\/belgian-lawmakers-urge-labor-organization-to-stand-with-irans-risen-oil-workers\\\/\",\"url\":\"https:\\\/\\\/www.ncr-iran.org\\\/en\\\/news\\\/belgian-lawmakers-urge-labor-organization-to-stand-with-irans-risen-oil-workers\\\/\",\"name\":\"Belgian Lawmakers Urge Labor Organization to Stand With Iran\u2019s Risen Oil Workers - NCRI\",\"isPartOf\":{\"@id\":\"https:\\\/\\\/www.ncr-iran.org\\\/en\\\/#website\"},\"primaryImageOfPage\":{\"@id\":\"https:\\\/\\\/www.ncr-iran.org\\\/en\\\/news\\\/belgian-lawmakers-urge-labor-organization-to-stand-with-irans-risen-oil-workers\\\/#primaryimage\"},\"image\":{\"@id\":\"https:\\\/\\\/www.ncr-iran.org\\\/en\\\/news\\\/belgian-lawmakers-urge-labor-organization-to-stand-with-irans-risen-oil-workers\\\/#primaryimage\"},\"thumbnailUrl\":\"https:\\\/\\\/www.ncr-iran.org\\\/en\\\/wp-content\\\/uploads\\\/2020\\\/08\\\/Belgique.jpg\",\"datePublished\":\"2020-08-14T20:01:45+00:00\",\"dateModified\":\"2023-01-25T07:10:52+00:00\",\"description\":\"The Belgian Committee of Parliamentarians and Mayors for a Democratic Iran in a letter to the Belgium Labour Federation expressed its solidarity with the\",\"breadcrumb\":{\"@id\":\"https:\\\/\\\/www.ncr-iran.org\\\/en\\\/news\\\/belgian-lawmakers-urge-labor-organization-to-stand-with-irans-risen-oil-workers\\\/#breadcrumb\"},\"inLanguage\":\"en-US\",\"potentialAction\":[{\"@type\":\"ReadAction\",\"target\":[\"https:\\\/\\\/www.ncr-iran.org\\\/en\\\/news\\\/belgian-lawmakers-urge-labor-organization-to-stand-with-irans-risen-oil-workers\\\/\"]}]},{\"@type\":\"ImageObject\",\"inLanguage\":\"en-US\",\"@id\":\"https:\\\/\\\/www.ncr-iran.org\\\/en\\\/news\\\/belgian-lawmakers-urge-labor-organization-to-stand-with-irans-risen-oil-workers\\\/#primaryimage\",\"url\":\"https:\\\/\\\/www.ncr-iran.org\\\/en\\\/wp-content\\\/uploads\\\/2020\\\/08\\\/Belgique.jpg\",\"contentUrl\":\"https:\\\/\\\/www.ncr-iran.org\\\/en\\\/wp-content\\\/uploads\\\/2020\\\/08\\\/Belgique.jpg\",\"width\":1280,\"height\":720,\"caption\":\"Belgique\"},{\"@type\":\"BreadcrumbList\",\"@id\":\"https:\\\/\\\/www.ncr-iran.org\\\/en\\\/news\\\/belgian-lawmakers-urge-labor-organization-to-stand-with-irans-risen-oil-workers\\\/#breadcrumb\",\"itemListElement\":[{\"@type\":\"ListItem\",\"position\":1,\"name\":\"Home\",\"item\":\"https:\\\/\\\/www.ncr-iran.org\\\/en\\\/\"},{\"@type\":\"ListItem\",\"position\":2,\"name\":\"Belgian Lawmakers Urge Labor Organization to Stand With Iran\u2019s Risen Oil Workers\"}]},{\"@type\":\"WebSite\",\"@id\":\"https:\\\/\\\/www.ncr-iran.org\\\/en\\\/#website\",\"url\":\"https:\\\/\\\/www.ncr-iran.org\\\/en\\\/\",\"name\":\"NCRI\",\"description\":\"Official website of the National Council of Resistance of Iran\",\"publisher\":{\"@id\":\"https:\\\/\\\/www.ncr-iran.org\\\/en\\\/#organization\"},\"potentialAction\":[{\"@type\":\"SearchAction\",\"target\":{\"@type\":\"EntryPoint\",\"urlTemplate\":\"https:\\\/\\\/www.ncr-iran.org\\\/en\\\/?s={search_term_string}\"},\"query-input\":{\"@type\":\"PropertyValueSpecification\",\"valueRequired\":true,\"valueName\":\"search_term_string\"}}],\"inLanguage\":\"en-US\"},{\"@type\":\"Organization\",\"@id\":\"https:\\\/\\\/www.ncr-iran.org\\\/en\\\/#organization\",\"name\":\"Official website of the National Council of Resistance of Iran\",\"alternateName\":\"Official website of the National Council of Resistance of Iran\",\"url\":\"https:\\\/\\\/www.ncr-iran.org\\\/en\\\/\",\"logo\":{\"@type\":\"ImageObject\",\"inLanguage\":\"en-US\",\"@id\":\"https:\\\/\\\/www.ncr-iran.org\\\/en\\\/#\\\/schema\\\/logo\\\/image\\\/\",\"url\":\"https:\\\/\\\/www.ncr-iran.org\\\/en\\\/wp-content\\\/uploads\\\/2020\\\/01\\\/ncri-logo.jpg\",\"contentUrl\":\"https:\\\/\\\/www.ncr-iran.org\\\/en\\\/wp-content\\\/uploads\\\/2020\\\/01\\\/ncri-logo.jpg\",\"width\":402,\"height\":100,\"caption\":\"Official website of the National Council of Resistance of Iran\"},\"image\":{\"@id\":\"https:\\\/\\\/www.ncr-iran.org\\\/en\\\/#\\\/schema\\\/logo\\\/image\\\/\"},\"sameAs\":[\"https:\\\/\\\/x.com\\\/iran_policy\"]},{\"@type\":\"Person\",\"@id\":\"https:\\\/\\\/www.ncr-iran.org\\\/en\\\/#\\\/schema\\\/person\\\/192dca518f3da7c19e0aef04ffe2247e\",\"name\":\"Sedighe Shahrokhi\",\"image\":{\"@type\":\"ImageObject\",\"inLanguage\":\"en-US\",\"@id\":\"https:\\\/\\\/secure.gravatar.com\\\/avatar\\\/5cf8d9bf901db63cbf639aeb3d5cce5f670241e8a8c6176e5714b7dd76169fe9?s=96&d=mm&r=g\",\"url\":\"https:\\\/\\\/secure.gravatar.com\\\/avatar\\\/5cf8d9bf901db63cbf639aeb3d5cce5f670241e8a8c6176e5714b7dd76169fe9?s=96&d=mm&r=g\",\"contentUrl\":\"https:\\\/\\\/secure.gravatar.com\\\/avatar\\\/5cf8d9bf901db63cbf639aeb3d5cce5f670241e8a8c6176e5714b7dd76169fe9?s=96&d=mm&r=g\",\"caption\":\"Sedighe Shahrokhi\"},\"description\":\"Sedigheh Shahrokhi is a writer, novelist, and speechwriter. She was a reporter for Radio Mojahed from 1984 to 1989 and a member of the Board of Editors for Iran Zamin from 1994 to 1997. She has been a member of the Board of Editors for NCRI-Iran.org since 2006.\",\"url\":\"https:\\\/\\\/www.ncr-iran.org\\\/en\\\/author\\\/sedighe-shahrokhi\\\/\"}]}<\/script>\n<!-- \/ Yoast SEO plugin. -->","yoast_head_json":{"title":"Belgian Lawmakers Urge Labor Organization to Stand With Iran\u2019s Risen Oil Workers - NCRI","description":"The Belgian Committee of Parliamentarians and Mayors for a Democratic Iran in a letter to the Belgium Labour Federation expressed its solidarity with the","robots":{"index":"index","follow":"follow","max-snippet":"max-snippet:-1","max-image-preview":"max-image-preview:large","max-video-preview":"max-video-preview:-1"},"canonical":"https:\/\/www.ncr-iran.org\/en\/news\/belgian-lawmakers-urge-labor-organization-to-stand-with-irans-risen-oil-workers\/","og_locale":"en_US","og_type":"article","og_title":"Belgian Lawmakers Urge Labor Organization to Stand With Iran\u2019s Risen Oil Workers - NCRI","og_description":"The Belgian Committee of Parliamentarians and Mayors for a Democratic Iran in a letter to the Belgium Labour Federation expressed its solidarity with the","og_url":"https:\/\/www.ncr-iran.org\/en\/news\/belgian-lawmakers-urge-labor-organization-to-stand-with-irans-risen-oil-workers\/","og_site_name":"NCRI","article_published_time":"2020-08-14T20:01:45+00:00","article_modified_time":"2023-01-25T07:10:52+00:00","og_image":[{"width":1280,"height":720,"url":"https:\/\/www.ncr-iran.org\/en\/wp-content\/uploads\/2020\/08\/Belgique.jpg","type":"image\/jpeg"}],"author":"Sedighe Shahrokhi","twitter_card":"summary_large_image","twitter_creator":"@iran_policy","twitter_site":"@iran_policy","twitter_misc":{"Written by":"Sedighe Shahrokhi","Est. reading time":"3 minutes"},"schema":{"@context":"https:\/\/schema.org","@graph":[{"@type":["Article","BlogPosting"],"@id":"https:\/\/www.ncr-iran.org\/en\/news\/belgian-lawmakers-urge-labor-organization-to-stand-with-irans-risen-oil-workers\/#article","isPartOf":{"@id":"https:\/\/www.ncr-iran.org\/en\/news\/belgian-lawmakers-urge-labor-organization-to-stand-with-irans-risen-oil-workers\/"},"author":{"name":"Sedighe Shahrokhi","@id":"https:\/\/www.ncr-iran.org\/en\/#\/schema\/person\/192dca518f3da7c19e0aef04ffe2247e"},"headline":"Belgian Lawmakers Urge Labor Organization to Stand With Iran\u2019s Risen Oil Workers","datePublished":"2020-08-14T20:01:45+00:00","dateModified":"2023-01-25T07:10:52+00:00","mainEntityOfPage":{"@id":"https:\/\/www.ncr-iran.org\/en\/news\/belgian-lawmakers-urge-labor-organization-to-stand-with-irans-risen-oil-workers\/"},"wordCount":637,"publisher":{"@id":"https:\/\/www.ncr-iran.org\/en\/#organization"},"image":{"@id":"https:\/\/www.ncr-iran.org\/en\/news\/belgian-lawmakers-urge-labor-organization-to-stand-with-irans-risen-oil-workers\/#primaryimage"},"thumbnailUrl":"https:\/\/www.ncr-iran.org\/en\/wp-content\/uploads\/2020\/08\/Belgique.jpg","keywords":["Iran","Iran Protests","NCRI"],"articleSection":["Iran News Now","Iran Protests &amp; Demonstrations"],"inLanguage":"en-US"},{"@type":"WebPage","@id":"https:\/\/www.ncr-iran.org\/en\/news\/belgian-lawmakers-urge-labor-organization-to-stand-with-irans-risen-oil-workers\/","url":"https:\/\/www.ncr-iran.org\/en\/news\/belgian-lawmakers-urge-labor-organization-to-stand-with-irans-risen-oil-workers\/","name":"Belgian Lawmakers Urge Labor Organization to Stand With Iran\u2019s Risen Oil Workers - NCRI","isPartOf":{"@id":"https:\/\/www.ncr-iran.org\/en\/#website"},"primaryImageOfPage":{"@id":"https:\/\/www.ncr-iran.org\/en\/news\/belgian-lawmakers-urge-labor-organization-to-stand-with-irans-risen-oil-workers\/#primaryimage"},"image":{"@id":"https:\/\/www.ncr-iran.org\/en\/news\/belgian-lawmakers-urge-labor-organization-to-stand-with-irans-risen-oil-workers\/#primaryimage"},"thumbnailUrl":"https:\/\/www.ncr-iran.org\/en\/wp-content\/uploads\/2020\/08\/Belgique.jpg","datePublished":"2020-08-14T20:01:45+00:00","dateModified":"2023-01-25T07:10:52+00:00","description":"The Belgian Committee of Parliamentarians and Mayors for a Democratic Iran in a letter to the Belgium Labour Federation expressed its solidarity with the","breadcrumb":{"@id":"https:\/\/www.ncr-iran.org\/en\/news\/belgian-lawmakers-urge-labor-organization-to-stand-with-irans-risen-oil-workers\/#breadcrumb"},"inLanguage":"en-US","potentialAction":[{"@type":"ReadAction","target":["https:\/\/www.ncr-iran.org\/en\/news\/belgian-lawmakers-urge-labor-organization-to-stand-with-irans-risen-oil-workers\/"]}]},{"@type":"ImageObject","inLanguage":"en-US","@id":"https:\/\/www.ncr-iran.org\/en\/news\/belgian-lawmakers-urge-labor-organization-to-stand-with-irans-risen-oil-workers\/#primaryimage","url":"https:\/\/www.ncr-iran.org\/en\/wp-content\/uploads\/2020\/08\/Belgique.jpg","contentUrl":"https:\/\/www.ncr-iran.org\/en\/wp-content\/uploads\/2020\/08\/Belgique.jpg","width":1280,"height":720,"caption":"Belgique"},{"@type":"BreadcrumbList","@id":"https:\/\/www.ncr-iran.org\/en\/news\/belgian-lawmakers-urge-labor-organization-to-stand-with-irans-risen-oil-workers\/#breadcrumb","itemListElement":[{"@type":"ListItem","position":1,"name":"Home","item":"https:\/\/www.ncr-iran.org\/en\/"},{"@type":"ListItem","position":2,"name":"Belgian Lawmakers Urge Labor Organization to Stand With Iran\u2019s Risen Oil Workers"}]},{"@type":"WebSite","@id":"https:\/\/www.ncr-iran.org\/en\/#website","url":"https:\/\/www.ncr-iran.org\/en\/","name":"NCRI","description":"Official website of the National Council of Resistance of Iran","publisher":{"@id":"https:\/\/www.ncr-iran.org\/en\/#organization"},"potentialAction":[{"@type":"SearchAction","target":{"@type":"EntryPoint","urlTemplate":"https:\/\/www.ncr-iran.org\/en\/?s={search_term_string}"},"query-input":{"@type":"PropertyValueSpecification","valueRequired":true,"valueName":"search_term_string"}}],"inLanguage":"en-US"},{"@type":"Organization","@id":"https:\/\/www.ncr-iran.org\/en\/#organization","name":"Official website of the National Council of Resistance of Iran","alternateName":"Official website of the National Council of Resistance of Iran","url":"https:\/\/www.ncr-iran.org\/en\/","logo":{"@type":"ImageObject","inLanguage":"en-US","@id":"https:\/\/www.ncr-iran.org\/en\/#\/schema\/logo\/image\/","url":"https:\/\/www.ncr-iran.org\/en\/wp-content\/uploads\/2020\/01\/ncri-logo.jpg","contentUrl":"https:\/\/www.ncr-iran.org\/en\/wp-content\/uploads\/2020\/01\/ncri-logo.jpg","width":402,"height":100,"caption":"Official website of the National Council of Resistance of Iran"},"image":{"@id":"https:\/\/www.ncr-iran.org\/en\/#\/schema\/logo\/image\/"},"sameAs":["https:\/\/x.com\/iran_policy"]},{"@type":"Person","@id":"https:\/\/www.ncr-iran.org\/en\/#\/schema\/person\/192dca518f3da7c19e0aef04ffe2247e","name":"Sedighe Shahrokhi","image":{"@type":"ImageObject","inLanguage":"en-US","@id":"https:\/\/secure.gravatar.com\/avatar\/5cf8d9bf901db63cbf639aeb3d5cce5f670241e8a8c6176e5714b7dd76169fe9?s=96&d=mm&r=g","url":"https:\/\/secure.gravatar.com\/avatar\/5cf8d9bf901db63cbf639aeb3d5cce5f670241e8a8c6176e5714b7dd76169fe9?s=96&d=mm&r=g","contentUrl":"https:\/\/secure.gravatar.com\/avatar\/5cf8d9bf901db63cbf639aeb3d5cce5f670241e8a8c6176e5714b7dd76169fe9?s=96&d=mm&r=g","caption":"Sedighe Shahrokhi"},"description":"Sedigheh Shahrokhi is a writer, novelist, and speechwriter. She was a reporter for Radio Mojahed from 1984 to 1989 and a member of the Board of Editors for Iran Zamin from 1994 to 1997. She has been a member of the Board of Editors for NCRI-Iran.org since 2006.","url":"https:\/\/www.ncr-iran.org\/en\/author\/sedighe-shahrokhi\/"}]}},"_links":{"self":[{"href":"https:\/\/www.ncr-iran.org\/en\/wp-json\/wp\/v2\/posts\/223936","targetHints":{"allow":["GET"]}}],"collection":[{"href":"https:\/\/www.ncr-iran.org\/en\/wp-json\/wp\/v2\/posts"}],"about":[{"href":"https:\/\/www.ncr-iran.org\/en\/wp-json\/wp\/v2\/types\/post"}],"author":[{"embeddable":true,"href":"https:\/\/www.ncr-iran.org\/en\/wp-json\/wp\/v2\/users\/18"}],"replies":[{"embeddable":true,"href":"https:\/\/www.ncr-iran.org\/en\/wp-json\/wp\/v2\/comments?post=223936"}],"version-history":[{"count":0,"href":"https:\/\/www.ncr-iran.org\/en\/wp-json\/wp\/v2\/posts\/223936\/revisions"}],"wp:featuredmedia":[{"embeddable":true,"href":"https:\/\/www.ncr-iran.org\/en\/wp-json\/wp\/v2\/media\/223937"}],"wp:attachment":[{"href":"https:\/\/www.ncr-iran.org\/en\/wp-json\/wp\/v2\/media?parent=223936"}],"wp:term":[{"taxonomy":"category","embeddable":true,"href":"https:\/\/www.ncr-iran.org\/en\/wp-json\/wp\/v2\/categories?post=223936"},{"taxonomy":"post_tag","embeddable":true,"href":"https:\/\/www.ncr-iran.org\/en\/wp-json\/wp\/v2\/tags?post=223936"}],"curies":[{"name":"wp","href":"https:\/\/api.w.org\/{rel}","templated":true}]}}