{"id":266037,"date":"2022-10-29T14:36:07","date_gmt":"2022-10-29T12:36:07","guid":{"rendered":"https:\/\/www.ncr-iran.org\/en\/?p=266037"},"modified":"2023-01-25T13:19:55","modified_gmt":"2023-01-25T12:19:55","slug":"tehran-sanctions-meps-for-supporting-iran-protests-and-resistance-movement","status":"publish","type":"post","link":"https:\/\/www.ncr-iran.org\/en\/news\/iran-protests\/tehran-sanctions-meps-for-supporting-iran-protests-and-resistance-movement\/","title":{"rendered":"Tehran Sanctions MEPs for Supporting Iran Protests and Resistance Movement"},"content":{"rendered":"<figure id=\"attachment_224689\" aria-describedby=\"caption-attachment-224689\" style=\"width: 1000px\" class=\"wp-caption alignnone\"><img decoding=\"async\" title=\"European-Parliament\" class=\"wp-image-224689\" src=\"https:\/\/www.ncr-iran.org\/en\/wp-content\/uploads\/2020\/08\/European-Parliament.jpg\" alt=\"European Policymakers Have Willfully Embraced Increased Danger of Iranian Attack\" width=\"1000\" height=\"523\" srcset=\"https:\/\/www.ncr-iran.org\/en\/wp-content\/uploads\/2020\/08\/European-Parliament.jpg 800w, https:\/\/www.ncr-iran.org\/en\/wp-content\/uploads\/2020\/08\/European-Parliament-300x157.jpg 300w, https:\/\/www.ncr-iran.org\/en\/wp-content\/uploads\/2020\/08\/European-Parliament-768x401.jpg 768w, https:\/\/www.ncr-iran.org\/en\/wp-content\/uploads\/2020\/08\/European-Parliament-696x364.jpg 696w\" sizes=\"(max-width: 1000px) 100vw, 1000px\" \/><figcaption id=\"caption-attachment-224689\" class=\"wp-caption-text\">European Parliament<\/figcaption><\/figure>\n<p style=\"text-align: justify\">In a ridiculous gesture, Iran\u2019s crisis-riddled regime sanctioned several Members of the European Parliament, two parliamentary groups, and other renowned European politicians for supporting the Iranian people and their organized Resistance movement.<\/p>\n<p style=\"text-align: justify\">In its statement, the regime\u2019s foreign ministry blatantly accused European dignitaries of supporting \u201criots\u201d and reminded European countries that supporting these individuals is a \u201cviolation of the European Union\u2019s international obligations.\u201d<\/p>\n<p style=\"text-align: justify\">Meanwhile, one of the regime\u2019s diplomat-terrorists, <a target=\"_blank\" href=\"https:\/\/www.vrt.be\/vrtnws\/en\/2021\/02\/02\/iranian-terror-suspect-is-belgian-jail-is-top-spy\/\" rel=\"noopener\">Assadollah Assadi<\/a>, is incarcerated in Belgium for his attempt to bomb the Iranian opposition\u2019s gathering in 2018 in France.<\/p>\n<p style=\"text-align: justify\">Facing a volatile society and being desperate to quell anti-regime protests, Iran\u2019s ruling theocracy-imposed sanctions on those who stand with the people of Iran and reject the regime\u2019s rampant domestic violence and export of terrorism. This pathetic move to \u201cfreeze all assets\u201d of some officials who have no belonging in Iran is only meant to boost the morale of the regime\u2019s demoralized forces amid the mullahs\u2019 international isolation.\u00a0 While highlighting the emptiness of this gesture and considering it a failed political prank, several MEPs called being blacklisted by Tehran a \u201cbadge of honor.\u201d<\/p>\n<p style=\"text-align: justify\">\u201cIran&#8217;s decision to sanction Members of the European Parliament for speaking out against human rights abuses is absurd. No threats will stop us from standing up for freedom, dignity and equality. I know MEPs will wear this as a badge of honor. We will not be silenced,\u201d Ms. Roberta Metsola, President of the European Parliament, wrote in this regard on Twitter.<\/p>\n<blockquote class=\"twitter-tweet\" data-width=\"550\" data-dnt=\"true\">\n<p lang=\"en\" dir=\"ltr\">Women. Life. Freedom.<\/p>\n<p>Iran&#39;s decision to sanction Members of <a href=\"https:\/\/twitter.com\/Europarl_EN?ref_src=twsrc%5Etfw\">@Europarl_EN<\/a> for speaking out against human rights abuses is absurd.<\/p>\n<p>No threats will stop us from standing up for freedom, dignity &amp; equality. I know MEPs will wear this as a badge of honour.<\/p>\n<p>We will not be silenced. <a href=\"https:\/\/t.co\/MM80ETXO91\">pic.twitter.com\/MM80ETXO91<\/a><\/p>\n<p>&mdash; Roberta Metsola (@EP_President) <a href=\"https:\/\/twitter.com\/EP_President\/status\/1585637726677704716?ref_src=twsrc%5Etfw\">October 27, 2022<\/a><\/p><\/blockquote>\n<p><script async src=\"https:\/\/platform.twitter.com\/widgets.js\" charset=\"utf-8\"><\/script><\/p>\n<p style=\"text-align: justify\">MEP Milan Zver from Slovenia, a longtime supporter of the Iranian people and the Iranian Resistance, also called out the regime\u2019s ridiculous gesture, underling that while the regime is trying to convince MEPs to stop supporting the Iranian people, this designation would have the opposite effect and encourage European lawmakers to support Iranian people as they have done.<\/p>\n<blockquote class=\"twitter-tweet\" data-width=\"550\" data-dnt=\"true\">\n<p lang=\"sl\" dir=\"ltr\">Iran nas s sankcijami posku\u0161a prepri\u010dati, da je pomo\u010d, ki jo dajemu iranski opoziciji nesprejemljiva. Prepri\u010dan sem, da nobenega imenovanega, kaznovanega evropskega politika in novinarja ne bo prepri\u010dalo in da bomo nadaljevali tako kot smo delali doslej. <a href=\"https:\/\/twitter.com\/Nova24TV?ref_src=twsrc%5Etfw\">@Nova24TV<\/a> <a href=\"https:\/\/t.co\/TpdK4HjdVS\">pic.twitter.com\/TpdK4HjdVS<\/a><\/p>\n<p>&mdash; Milan Zver (@MilanZver) <a href=\"https:\/\/twitter.com\/MilanZver\/status\/1586086755710615553?ref_src=twsrc%5Etfw\">October 28, 2022<\/a><\/p><\/blockquote>\n<p><script async src=\"https:\/\/platform.twitter.com\/widgets.js\" charset=\"utf-8\"><\/script><\/p>\n<p style=\"text-align: justify\">Mr. Jan Zahradil, another good friend of the Iranian people, also expressed his utter support of the nationwide Iran uprising and said, \u201cI will go to Iran once the regime of the Ayatollahs falls.\u201d<\/p>\n<blockquote class=\"twitter-tweet\" data-width=\"550\" data-dnt=\"true\">\n<p lang=\"cs\" dir=\"ltr\">Pr\u00e1v\u011b jsem se ocitl na nov\u00e9m sank\u010dn\u00edm seznamu \u00cdr\u00e1nsk\u00e9 isl\u00e1msk\u00e9 republiky. Jako jedin\u00fd ob\u010dan \u010cR. Spolu s n\u011bkolika kolegy a p\u00e1r nevl\u00e1dkami. Za dlouhodobou podporu \u00edr\u00e1nsk\u00e9 exilov\u00e9 opozice.<br \/>Fair enough. Pojedu tam, teprve a\u017e jednou padne re\u017eim ajatoll\u00e1h\u016f\ud83d\ude42. <a href=\"https:\/\/t.co\/XTAbuYXRVK\">pic.twitter.com\/XTAbuYXRVK<\/a><\/p>\n<p>&mdash; Jan Zahradil (@ZahradilJan) <a href=\"https:\/\/twitter.com\/ZahradilJan\/status\/1585329332234620928?ref_src=twsrc%5Etfw\">October 26, 2022<\/a><\/p><\/blockquote>\n<p><script async src=\"https:\/\/platform.twitter.com\/widgets.js\" charset=\"utf-8\"><\/script><\/p>\n<p style=\"text-align: justify\">Nationwide Iran protests have entered their second month. Now many observers believe these protests have morphed into a revolution as Iranians continue their uprising despite the regime\u2019s attempts to quash it.<\/p>\n<p style=\"text-align: justify\">Since the beginning of the nationwide uprising, the clerical regime has inflicted violence on people, killing and injuring unarmed protesters. The regime\u2019s violence met international condemnation and raised global outrage, as many countries and their lawmakers have applauded the Iranian people\u2019s bravery.<\/p>\n<p style=\"text-align: justify\">Tehran\u2019s pathetic movement has no effects. But the regime\u2019s blatant sanctioning of European lawmakers is a reminder of how decades of inaction by the European governments have emboldened the regime to take such an action.<\/p>\n<p style=\"text-align: justify\">The world community should not limit its actions to condemnations and statements. The European countries should cut all ties with Iran\u2019s ruling theocracy, and the international community should recognize the Iranian people\u2019s right to self-defense and Resistance. This is the only effective answer to Tehran\u2019s threats.<\/p>\n","protected":false},"excerpt":{"rendered":"<p>In a ridiculous gesture, Iran&rsquo;s crisis-riddled regime sanctioned several Members of the European Parliament, two parliamentary groups, and other renowned European politicians for supporting the Iranian people and their organized [&#8230;]<\/p>\n","protected":false},"author":19,"featured_media":224689,"comment_status":"closed","ping_status":"closed","sticky":false,"template":"","format":"standard","meta":{"footnotes":""},"categories":[9],"tags":[130,198],"class_list":{"0":"post-266037","1":"post","2":"type-post","3":"status-publish","4":"format-standard","5":"has-post-thumbnail","7":"category-iran-protests","8":"tag-iran-protests","9":"tag-ncri"},"yoast_head":"<!-- This site is optimized with the Yoast SEO plugin v27.4 - https:\/\/yoast.com\/product\/yoast-seo-wordpress\/ -->\n<title>Tehran Sanctions MEPs for Supporting Iran Protests and Resistance Movement - NCRI<\/title>\n<meta name=\"description\" content=\"In a ridiculous gesture, Iran\u2019s crisis-riddled regime sanctioned several Members of the European Parliament, two parliamentary groups, and other renowned\" \/>\n<meta name=\"robots\" content=\"index, follow, max-snippet:-1, max-image-preview:large, max-video-preview:-1\" \/>\n<link rel=\"canonical\" href=\"https:\/\/www.ncr-iran.org\/en\/news\/iran-protests\/tehran-sanctions-meps-for-supporting-iran-protests-and-resistance-movement\/\" \/>\n<meta property=\"og:locale\" content=\"en_US\" \/>\n<meta property=\"og:type\" content=\"article\" \/>\n<meta property=\"og:title\" content=\"Tehran Sanctions MEPs for Supporting Iran Protests and Resistance Movement - NCRI\" \/>\n<meta property=\"og:description\" content=\"In a ridiculous gesture, Iran\u2019s crisis-riddled regime sanctioned several Members of the European Parliament, two parliamentary groups, and other renowned\" \/>\n<meta property=\"og:url\" content=\"https:\/\/www.ncr-iran.org\/en\/news\/iran-protests\/tehran-sanctions-meps-for-supporting-iran-protests-and-resistance-movement\/\" \/>\n<meta property=\"og:site_name\" content=\"NCRI\" \/>\n<meta property=\"article:published_time\" content=\"2022-10-29T12:36:07+00:00\" \/>\n<meta property=\"article:modified_time\" content=\"2023-01-25T12:19:55+00:00\" \/>\n<meta property=\"og:image\" content=\"https:\/\/www.ncr-iran.org\/en\/wp-content\/uploads\/2020\/08\/European-Parliament.jpg\" \/>\n\t<meta property=\"og:image:width\" content=\"800\" \/>\n\t<meta property=\"og:image:height\" content=\"418\" \/>\n\t<meta property=\"og:image:type\" content=\"image\/jpeg\" \/>\n<meta name=\"author\" content=\"Shamsi Saadati\" \/>\n<meta name=\"twitter:card\" content=\"summary_large_image\" \/>\n<meta name=\"twitter:creator\" content=\"@iran_policy\" \/>\n<meta name=\"twitter:site\" content=\"@iran_policy\" \/>\n<meta name=\"twitter:label1\" content=\"Written by\" \/>\n\t<meta name=\"twitter:data1\" content=\"Shamsi Saadati\" \/>\n\t<meta name=\"twitter:label2\" content=\"Est. reading time\" \/>\n\t<meta name=\"twitter:data2\" content=\"3 minutes\" \/>\n<script type=\"application\/ld+json\" class=\"yoast-schema-graph\">{\"@context\":\"https:\\\/\\\/schema.org\",\"@graph\":[{\"@type\":[\"Article\",\"BlogPosting\"],\"@id\":\"https:\\\/\\\/www.ncr-iran.org\\\/en\\\/news\\\/iran-protests\\\/tehran-sanctions-meps-for-supporting-iran-protests-and-resistance-movement\\\/#article\",\"isPartOf\":{\"@id\":\"https:\\\/\\\/www.ncr-iran.org\\\/en\\\/news\\\/iran-protests\\\/tehran-sanctions-meps-for-supporting-iran-protests-and-resistance-movement\\\/\"},\"author\":{\"name\":\"Shamsi Saadati\",\"@id\":\"https:\\\/\\\/www.ncr-iran.org\\\/en\\\/#\\\/schema\\\/person\\\/410cc710e9b11fe1e0140afae956d6e6\"},\"headline\":\"Tehran Sanctions MEPs for Supporting Iran Protests and Resistance Movement\",\"datePublished\":\"2022-10-29T12:36:07+00:00\",\"dateModified\":\"2023-01-25T12:19:55+00:00\",\"mainEntityOfPage\":{\"@id\":\"https:\\\/\\\/www.ncr-iran.org\\\/en\\\/news\\\/iran-protests\\\/tehran-sanctions-meps-for-supporting-iran-protests-and-resistance-movement\\\/\"},\"wordCount\":540,\"publisher\":{\"@id\":\"https:\\\/\\\/www.ncr-iran.org\\\/en\\\/#organization\"},\"image\":{\"@id\":\"https:\\\/\\\/www.ncr-iran.org\\\/en\\\/news\\\/iran-protests\\\/tehran-sanctions-meps-for-supporting-iran-protests-and-resistance-movement\\\/#primaryimage\"},\"thumbnailUrl\":\"https:\\\/\\\/www.ncr-iran.org\\\/en\\\/wp-content\\\/uploads\\\/2020\\\/08\\\/European-Parliament.jpg\",\"keywords\":[\"Iran Protests\",\"NCRI\"],\"articleSection\":[\"Iran Protests &amp; Demonstrations\"],\"inLanguage\":\"en-US\"},{\"@type\":\"WebPage\",\"@id\":\"https:\\\/\\\/www.ncr-iran.org\\\/en\\\/news\\\/iran-protests\\\/tehran-sanctions-meps-for-supporting-iran-protests-and-resistance-movement\\\/\",\"url\":\"https:\\\/\\\/www.ncr-iran.org\\\/en\\\/news\\\/iran-protests\\\/tehran-sanctions-meps-for-supporting-iran-protests-and-resistance-movement\\\/\",\"name\":\"Tehran Sanctions MEPs for Supporting Iran Protests and Resistance Movement - NCRI\",\"isPartOf\":{\"@id\":\"https:\\\/\\\/www.ncr-iran.org\\\/en\\\/#website\"},\"primaryImageOfPage\":{\"@id\":\"https:\\\/\\\/www.ncr-iran.org\\\/en\\\/news\\\/iran-protests\\\/tehran-sanctions-meps-for-supporting-iran-protests-and-resistance-movement\\\/#primaryimage\"},\"image\":{\"@id\":\"https:\\\/\\\/www.ncr-iran.org\\\/en\\\/news\\\/iran-protests\\\/tehran-sanctions-meps-for-supporting-iran-protests-and-resistance-movement\\\/#primaryimage\"},\"thumbnailUrl\":\"https:\\\/\\\/www.ncr-iran.org\\\/en\\\/wp-content\\\/uploads\\\/2020\\\/08\\\/European-Parliament.jpg\",\"datePublished\":\"2022-10-29T12:36:07+00:00\",\"dateModified\":\"2023-01-25T12:19:55+00:00\",\"description\":\"In a ridiculous gesture, Iran\u2019s crisis-riddled regime sanctioned several Members of the European Parliament, two parliamentary groups, and other renowned\",\"breadcrumb\":{\"@id\":\"https:\\\/\\\/www.ncr-iran.org\\\/en\\\/news\\\/iran-protests\\\/tehran-sanctions-meps-for-supporting-iran-protests-and-resistance-movement\\\/#breadcrumb\"},\"inLanguage\":\"en-US\",\"potentialAction\":[{\"@type\":\"ReadAction\",\"target\":[\"https:\\\/\\\/www.ncr-iran.org\\\/en\\\/news\\\/iran-protests\\\/tehran-sanctions-meps-for-supporting-iran-protests-and-resistance-movement\\\/\"]}]},{\"@type\":\"ImageObject\",\"inLanguage\":\"en-US\",\"@id\":\"https:\\\/\\\/www.ncr-iran.org\\\/en\\\/news\\\/iran-protests\\\/tehran-sanctions-meps-for-supporting-iran-protests-and-resistance-movement\\\/#primaryimage\",\"url\":\"https:\\\/\\\/www.ncr-iran.org\\\/en\\\/wp-content\\\/uploads\\\/2020\\\/08\\\/European-Parliament.jpg\",\"contentUrl\":\"https:\\\/\\\/www.ncr-iran.org\\\/en\\\/wp-content\\\/uploads\\\/2020\\\/08\\\/European-Parliament.jpg\",\"width\":800,\"height\":418,\"caption\":\"European Parliament\"},{\"@type\":\"BreadcrumbList\",\"@id\":\"https:\\\/\\\/www.ncr-iran.org\\\/en\\\/news\\\/iran-protests\\\/tehran-sanctions-meps-for-supporting-iran-protests-and-resistance-movement\\\/#breadcrumb\",\"itemListElement\":[{\"@type\":\"ListItem\",\"position\":1,\"name\":\"Home\",\"item\":\"https:\\\/\\\/www.ncr-iran.org\\\/en\\\/\"},{\"@type\":\"ListItem\",\"position\":2,\"name\":\"Tehran Sanctions MEPs for Supporting Iran Protests and Resistance Movement\"}]},{\"@type\":\"WebSite\",\"@id\":\"https:\\\/\\\/www.ncr-iran.org\\\/en\\\/#website\",\"url\":\"https:\\\/\\\/www.ncr-iran.org\\\/en\\\/\",\"name\":\"NCRI\",\"description\":\"Official website of the National Council of Resistance of Iran\",\"publisher\":{\"@id\":\"https:\\\/\\\/www.ncr-iran.org\\\/en\\\/#organization\"},\"potentialAction\":[{\"@type\":\"SearchAction\",\"target\":{\"@type\":\"EntryPoint\",\"urlTemplate\":\"https:\\\/\\\/www.ncr-iran.org\\\/en\\\/?s={search_term_string}\"},\"query-input\":{\"@type\":\"PropertyValueSpecification\",\"valueRequired\":true,\"valueName\":\"search_term_string\"}}],\"inLanguage\":\"en-US\"},{\"@type\":\"Organization\",\"@id\":\"https:\\\/\\\/www.ncr-iran.org\\\/en\\\/#organization\",\"name\":\"Official website of the National Council of Resistance of Iran\",\"alternateName\":\"Official website of the National Council of Resistance of Iran\",\"url\":\"https:\\\/\\\/www.ncr-iran.org\\\/en\\\/\",\"logo\":{\"@type\":\"ImageObject\",\"inLanguage\":\"en-US\",\"@id\":\"https:\\\/\\\/www.ncr-iran.org\\\/en\\\/#\\\/schema\\\/logo\\\/image\\\/\",\"url\":\"https:\\\/\\\/www.ncr-iran.org\\\/en\\\/wp-content\\\/uploads\\\/2020\\\/01\\\/ncri-logo.jpg\",\"contentUrl\":\"https:\\\/\\\/www.ncr-iran.org\\\/en\\\/wp-content\\\/uploads\\\/2020\\\/01\\\/ncri-logo.jpg\",\"width\":402,\"height\":100,\"caption\":\"Official website of the National Council of Resistance of Iran\"},\"image\":{\"@id\":\"https:\\\/\\\/www.ncr-iran.org\\\/en\\\/#\\\/schema\\\/logo\\\/image\\\/\"},\"sameAs\":[\"https:\\\/\\\/x.com\\\/iran_policy\"]},{\"@type\":\"Person\",\"@id\":\"https:\\\/\\\/www.ncr-iran.org\\\/en\\\/#\\\/schema\\\/person\\\/410cc710e9b11fe1e0140afae956d6e6\",\"name\":\"Shamsi Saadati\",\"image\":{\"@type\":\"ImageObject\",\"inLanguage\":\"en-US\",\"@id\":\"https:\\\/\\\/secure.gravatar.com\\\/avatar\\\/1ff30655874a9af9b80fd8207e6c14da44bd022c40adc5558e4ace491fd9d19c?s=96&d=mm&r=g\",\"url\":\"https:\\\/\\\/secure.gravatar.com\\\/avatar\\\/1ff30655874a9af9b80fd8207e6c14da44bd022c40adc5558e4ace491fd9d19c?s=96&d=mm&r=g\",\"contentUrl\":\"https:\\\/\\\/secure.gravatar.com\\\/avatar\\\/1ff30655874a9af9b80fd8207e6c14da44bd022c40adc5558e4ace491fd9d19c?s=96&d=mm&r=g\",\"caption\":\"Shamsi Saadati\"},\"description\":\"Shamsi Saadati is a writer, producer, and political correspondent for the National Council of Resistance of Iran. She has also been a member of the Board of Editors for NCRI-Iran.org for the past 10 years.\",\"url\":\"https:\\\/\\\/www.ncr-iran.org\\\/en\\\/author\\\/shamsi-saadati\\\/\"}]}<\/script>\n<!-- \/ Yoast SEO plugin. -->","yoast_head_json":{"title":"Tehran Sanctions MEPs for Supporting Iran Protests and Resistance Movement - NCRI","description":"In a ridiculous gesture, Iran\u2019s crisis-riddled regime sanctioned several Members of the European Parliament, two parliamentary groups, and other renowned","robots":{"index":"index","follow":"follow","max-snippet":"max-snippet:-1","max-image-preview":"max-image-preview:large","max-video-preview":"max-video-preview:-1"},"canonical":"https:\/\/www.ncr-iran.org\/en\/news\/iran-protests\/tehran-sanctions-meps-for-supporting-iran-protests-and-resistance-movement\/","og_locale":"en_US","og_type":"article","og_title":"Tehran Sanctions MEPs for Supporting Iran Protests and Resistance Movement - NCRI","og_description":"In a ridiculous gesture, Iran\u2019s crisis-riddled regime sanctioned several Members of the European Parliament, two parliamentary groups, and other renowned","og_url":"https:\/\/www.ncr-iran.org\/en\/news\/iran-protests\/tehran-sanctions-meps-for-supporting-iran-protests-and-resistance-movement\/","og_site_name":"NCRI","article_published_time":"2022-10-29T12:36:07+00:00","article_modified_time":"2023-01-25T12:19:55+00:00","og_image":[{"width":800,"height":418,"url":"https:\/\/www.ncr-iran.org\/en\/wp-content\/uploads\/2020\/08\/European-Parliament.jpg","type":"image\/jpeg"}],"author":"Shamsi Saadati","twitter_card":"summary_large_image","twitter_creator":"@iran_policy","twitter_site":"@iran_policy","twitter_misc":{"Written by":"Shamsi Saadati","Est. reading time":"3 minutes"},"schema":{"@context":"https:\/\/schema.org","@graph":[{"@type":["Article","BlogPosting"],"@id":"https:\/\/www.ncr-iran.org\/en\/news\/iran-protests\/tehran-sanctions-meps-for-supporting-iran-protests-and-resistance-movement\/#article","isPartOf":{"@id":"https:\/\/www.ncr-iran.org\/en\/news\/iran-protests\/tehran-sanctions-meps-for-supporting-iran-protests-and-resistance-movement\/"},"author":{"name":"Shamsi Saadati","@id":"https:\/\/www.ncr-iran.org\/en\/#\/schema\/person\/410cc710e9b11fe1e0140afae956d6e6"},"headline":"Tehran Sanctions MEPs for Supporting Iran Protests and Resistance Movement","datePublished":"2022-10-29T12:36:07+00:00","dateModified":"2023-01-25T12:19:55+00:00","mainEntityOfPage":{"@id":"https:\/\/www.ncr-iran.org\/en\/news\/iran-protests\/tehran-sanctions-meps-for-supporting-iran-protests-and-resistance-movement\/"},"wordCount":540,"publisher":{"@id":"https:\/\/www.ncr-iran.org\/en\/#organization"},"image":{"@id":"https:\/\/www.ncr-iran.org\/en\/news\/iran-protests\/tehran-sanctions-meps-for-supporting-iran-protests-and-resistance-movement\/#primaryimage"},"thumbnailUrl":"https:\/\/www.ncr-iran.org\/en\/wp-content\/uploads\/2020\/08\/European-Parliament.jpg","keywords":["Iran Protests","NCRI"],"articleSection":["Iran Protests &amp; Demonstrations"],"inLanguage":"en-US"},{"@type":"WebPage","@id":"https:\/\/www.ncr-iran.org\/en\/news\/iran-protests\/tehran-sanctions-meps-for-supporting-iran-protests-and-resistance-movement\/","url":"https:\/\/www.ncr-iran.org\/en\/news\/iran-protests\/tehran-sanctions-meps-for-supporting-iran-protests-and-resistance-movement\/","name":"Tehran Sanctions MEPs for Supporting Iran Protests and Resistance Movement - NCRI","isPartOf":{"@id":"https:\/\/www.ncr-iran.org\/en\/#website"},"primaryImageOfPage":{"@id":"https:\/\/www.ncr-iran.org\/en\/news\/iran-protests\/tehran-sanctions-meps-for-supporting-iran-protests-and-resistance-movement\/#primaryimage"},"image":{"@id":"https:\/\/www.ncr-iran.org\/en\/news\/iran-protests\/tehran-sanctions-meps-for-supporting-iran-protests-and-resistance-movement\/#primaryimage"},"thumbnailUrl":"https:\/\/www.ncr-iran.org\/en\/wp-content\/uploads\/2020\/08\/European-Parliament.jpg","datePublished":"2022-10-29T12:36:07+00:00","dateModified":"2023-01-25T12:19:55+00:00","description":"In a ridiculous gesture, Iran\u2019s crisis-riddled regime sanctioned several Members of the European Parliament, two parliamentary groups, and other renowned","breadcrumb":{"@id":"https:\/\/www.ncr-iran.org\/en\/news\/iran-protests\/tehran-sanctions-meps-for-supporting-iran-protests-and-resistance-movement\/#breadcrumb"},"inLanguage":"en-US","potentialAction":[{"@type":"ReadAction","target":["https:\/\/www.ncr-iran.org\/en\/news\/iran-protests\/tehran-sanctions-meps-for-supporting-iran-protests-and-resistance-movement\/"]}]},{"@type":"ImageObject","inLanguage":"en-US","@id":"https:\/\/www.ncr-iran.org\/en\/news\/iran-protests\/tehran-sanctions-meps-for-supporting-iran-protests-and-resistance-movement\/#primaryimage","url":"https:\/\/www.ncr-iran.org\/en\/wp-content\/uploads\/2020\/08\/European-Parliament.jpg","contentUrl":"https:\/\/www.ncr-iran.org\/en\/wp-content\/uploads\/2020\/08\/European-Parliament.jpg","width":800,"height":418,"caption":"European Parliament"},{"@type":"BreadcrumbList","@id":"https:\/\/www.ncr-iran.org\/en\/news\/iran-protests\/tehran-sanctions-meps-for-supporting-iran-protests-and-resistance-movement\/#breadcrumb","itemListElement":[{"@type":"ListItem","position":1,"name":"Home","item":"https:\/\/www.ncr-iran.org\/en\/"},{"@type":"ListItem","position":2,"name":"Tehran Sanctions MEPs for Supporting Iran Protests and Resistance Movement"}]},{"@type":"WebSite","@id":"https:\/\/www.ncr-iran.org\/en\/#website","url":"https:\/\/www.ncr-iran.org\/en\/","name":"NCRI","description":"Official website of the National Council of Resistance of Iran","publisher":{"@id":"https:\/\/www.ncr-iran.org\/en\/#organization"},"potentialAction":[{"@type":"SearchAction","target":{"@type":"EntryPoint","urlTemplate":"https:\/\/www.ncr-iran.org\/en\/?s={search_term_string}"},"query-input":{"@type":"PropertyValueSpecification","valueRequired":true,"valueName":"search_term_string"}}],"inLanguage":"en-US"},{"@type":"Organization","@id":"https:\/\/www.ncr-iran.org\/en\/#organization","name":"Official website of the National Council of Resistance of Iran","alternateName":"Official website of the National Council of Resistance of Iran","url":"https:\/\/www.ncr-iran.org\/en\/","logo":{"@type":"ImageObject","inLanguage":"en-US","@id":"https:\/\/www.ncr-iran.org\/en\/#\/schema\/logo\/image\/","url":"https:\/\/www.ncr-iran.org\/en\/wp-content\/uploads\/2020\/01\/ncri-logo.jpg","contentUrl":"https:\/\/www.ncr-iran.org\/en\/wp-content\/uploads\/2020\/01\/ncri-logo.jpg","width":402,"height":100,"caption":"Official website of the National Council of Resistance of Iran"},"image":{"@id":"https:\/\/www.ncr-iran.org\/en\/#\/schema\/logo\/image\/"},"sameAs":["https:\/\/x.com\/iran_policy"]},{"@type":"Person","@id":"https:\/\/www.ncr-iran.org\/en\/#\/schema\/person\/410cc710e9b11fe1e0140afae956d6e6","name":"Shamsi Saadati","image":{"@type":"ImageObject","inLanguage":"en-US","@id":"https:\/\/secure.gravatar.com\/avatar\/1ff30655874a9af9b80fd8207e6c14da44bd022c40adc5558e4ace491fd9d19c?s=96&d=mm&r=g","url":"https:\/\/secure.gravatar.com\/avatar\/1ff30655874a9af9b80fd8207e6c14da44bd022c40adc5558e4ace491fd9d19c?s=96&d=mm&r=g","contentUrl":"https:\/\/secure.gravatar.com\/avatar\/1ff30655874a9af9b80fd8207e6c14da44bd022c40adc5558e4ace491fd9d19c?s=96&d=mm&r=g","caption":"Shamsi Saadati"},"description":"Shamsi Saadati is a writer, producer, and political correspondent for the National Council of Resistance of Iran. She has also been a member of the Board of Editors for NCRI-Iran.org for the past 10 years.","url":"https:\/\/www.ncr-iran.org\/en\/author\/shamsi-saadati\/"}]}},"_links":{"self":[{"href":"https:\/\/www.ncr-iran.org\/en\/wp-json\/wp\/v2\/posts\/266037","targetHints":{"allow":["GET"]}}],"collection":[{"href":"https:\/\/www.ncr-iran.org\/en\/wp-json\/wp\/v2\/posts"}],"about":[{"href":"https:\/\/www.ncr-iran.org\/en\/wp-json\/wp\/v2\/types\/post"}],"author":[{"embeddable":true,"href":"https:\/\/www.ncr-iran.org\/en\/wp-json\/wp\/v2\/users\/19"}],"replies":[{"embeddable":true,"href":"https:\/\/www.ncr-iran.org\/en\/wp-json\/wp\/v2\/comments?post=266037"}],"version-history":[{"count":0,"href":"https:\/\/www.ncr-iran.org\/en\/wp-json\/wp\/v2\/posts\/266037\/revisions"}],"wp:featuredmedia":[{"embeddable":true,"href":"https:\/\/www.ncr-iran.org\/en\/wp-json\/wp\/v2\/media\/224689"}],"wp:attachment":[{"href":"https:\/\/www.ncr-iran.org\/en\/wp-json\/wp\/v2\/media?parent=266037"}],"wp:term":[{"taxonomy":"category","embeddable":true,"href":"https:\/\/www.ncr-iran.org\/en\/wp-json\/wp\/v2\/categories?post=266037"},{"taxonomy":"post_tag","embeddable":true,"href":"https:\/\/www.ncr-iran.org\/en\/wp-json\/wp\/v2\/tags?post=266037"}],"curies":[{"name":"wp","href":"https:\/\/api.w.org\/{rel}","templated":true}]}}