{"id":267589,"date":"2022-12-09T14:23:05","date_gmt":"2022-12-09T13:23:05","guid":{"rendered":"https:\/\/www.ncr-iran.org\/en\/?p=267589"},"modified":"2023-02-06T22:49:15","modified_gmt":"2023-02-06T21:49:15","slug":"the-mounting-global-support-of-the-ongoing-anti-regime-iran-protests-nr-5","status":"publish","type":"post","link":"https:\/\/www.ncr-iran.org\/en\/news\/human-rights\/the-mounting-global-support-of-the-ongoing-anti-regime-iran-protests-nr-5\/","title":{"rendered":"The Mounting Global Support of the Ongoing Anti-regime Iran Protests- Nr. 5\u00a0"},"content":{"rendered":"<p style=\"text-align: justify\"><img decoding=\"async\" title=\"photo_2022-09-20_22-49-47\" class=\"alignnone size-full wp-image-264120\" src=\"https:\/\/www.ncr-iran.org\/en\/wp-content\/uploads\/2022\/09\/photo_2022-09-20_22-49-47.jpg\" alt=\"photo_2022-09-20_22-49-47\" width=\"1000\" height=\"533\" srcset=\"https:\/\/www.ncr-iran.org\/en\/wp-content\/uploads\/2022\/09\/photo_2022-09-20_22-49-47.jpg 1000w, https:\/\/www.ncr-iran.org\/en\/wp-content\/uploads\/2022\/09\/photo_2022-09-20_22-49-47-300x160.jpg 300w, https:\/\/www.ncr-iran.org\/en\/wp-content\/uploads\/2022\/09\/photo_2022-09-20_22-49-47-768x409.jpg 768w, https:\/\/www.ncr-iran.org\/en\/wp-content\/uploads\/2022\/09\/photo_2022-09-20_22-49-47-150x80.jpg 150w, https:\/\/www.ncr-iran.org\/en\/wp-content\/uploads\/2022\/09\/photo_2022-09-20_22-49-47-696x371.jpg 696w\" sizes=\"(max-width: 1000px) 100vw, 1000px\" \/><\/p>\n<p style=\"text-align: justify\"><span data-contrast=\"auto\">The nationwide uprising <\/span><span data-contrast=\"auto\">in Iran that was sparked by the killing of a 22-years-young girl and highlighted the regime&#8217;s gender apartheid quickly escalated into a major revolution that is now calling for the end of the entire clerical establishment.\u00a0<\/span><\/p>\n<p style=\"text-align: justify\"><span data-contrast=\"auto\">Already into the third month, Iran&#8217;s revolution has claimed the support of many world leaders, legislators, NGOs, human rights activists, and celebrities around the world. As Iranians continue to suffer and get killed by the murderous regime, they increasingly need support and recognition worldwide, most notably their right to legitimate self-defense against Tehran&#8217;s killing machine.\u00a0<\/span><\/p>\n<p style=\"text-align: justify\"><span data-contrast=\"auto\">Some of the international community&#8217;s statements are reflected below.<\/span><\/p>\n<p style=\"text-align: justify\"><strong>Due to the length of the published content, older updates can be found here:<\/strong><\/p>\n<p style=\"text-align: justify\"><a target=\"_blank\" href=\"https:\/\/www.ncr-iran.org\/en\/news\/human-rights\/the-mounting-global-support-of-the-ongoing-anti-regime-iran-protests\/\" rel=\"noopener\">The Mounting Global Support of the Ongoing Anti-regime Iran Protests- Nr.1\u00a0\u00a0<\/a><\/p>\n<p style=\"text-align: justify\"><a target=\"_blank\" href=\"https:\/\/www.ncr-iran.org\/en\/?p=265030&amp;preview=true\" rel=\"noopener\">The Mounting Global Support of the Ongoing Anti-regime Iran Protests- Nr.2<\/a><\/p>\n<p style=\"text-align: justify\"><a target=\"_blank\" href=\"https:\/\/www.ncr-iran.org\/en\/news\/human-rights\/the-mounting-global-support-of-the-ongoing-anti-regime-iran-protests-nr-3\/\" rel=\"noopener\">The Mounting Global Support of the Ongoing Anti-regime Iran Protests- Nr.3<\/a><\/p>\n<p style=\"text-align: justify\"><a target=\"_blank\" href=\"https:\/\/www.ncr-iran.org\/en\/news\/human-rights\/the-mounting-global-support-of-the-ongoing-anti-regime-iran-protests-nr-3\/\" rel=\"noopener\">The Mounting Global Support of the Ongoing Anti-regime Iran Protests- Nr.4<\/a><\/p>\n<p>&nbsp;<\/p>\n<p><span style=\"font-weight: bold;text-align: justify\">December 30<\/span><\/p>\n<blockquote class=\"twitter-tweet\" data-width=\"550\" data-dnt=\"true\">\n<p lang=\"en\" dir=\"ltr\">On Iran, we must lead with action \u2013 not just words.<\/p>\n<p>We\u2019ve sanctioned 47 individuals since the death of Mahsa Amini, kicked Iran off the UN Commission on the Status of Women and continue to sanction the IRGC in its entirety.<\/p>\n<p>We will not stop until the regime is held to account.<\/p>\n<p>&mdash; James Cleverly\ud83c\uddec\ud83c\udde7 (@JamesCleverly) <a href=\"https:\/\/twitter.com\/JamesCleverly\/status\/1608818366336364544?ref_src=twsrc%5Etfw\">December 30, 2022<\/a><\/p><\/blockquote>\n<p><script async src=\"https:\/\/platform.twitter.com\/widgets.js\" charset=\"utf-8\"><\/script><\/p>\n<p>&nbsp;<\/p>\n<p><span style=\"font-weight: bold;text-align: justify\">December 27<\/span><\/p>\n<blockquote class=\"twitter-tweet\" data-width=\"550\" data-dnt=\"true\">\n<p lang=\"en\" dir=\"ltr\">The IRGC is sanctioned by the UK in its entirety. <\/p>\n<p>We will hold the tyrants in Iran to account. <a href=\"https:\/\/t.co\/fgEWOEvjT8\">pic.twitter.com\/fgEWOEvjT8<\/a><\/p>\n<p>&mdash; James Cleverly\ud83c\uddec\ud83c\udde7 (@JamesCleverly) <a href=\"https:\/\/twitter.com\/JamesCleverly\/status\/1607712008396218369?ref_src=twsrc%5Etfw\">December 27, 2022<\/a><\/p><\/blockquote>\n<p><script async src=\"https:\/\/platform.twitter.com\/widgets.js\" charset=\"utf-8\"><\/script><\/p>\n<blockquote class=\"twitter-tweet\" data-width=\"550\" data-dnt=\"true\">\n<p lang=\"de\" dir=\"ltr\">Malu <a href=\"https:\/\/twitter.com\/hashtag\/Dreyer?src=hash&amp;ref_src=twsrc%5Etfw\">#Dreyer<\/a>: Ich fordere die Freilassung der Sch\u00fclerin und m\u00f6chte beitragen, die Opfer des Protestes im <a href=\"https:\/\/twitter.com\/hashtag\/Iran?src=hash&amp;ref_src=twsrc%5Etfw\">#Iran<\/a> sichtbar machen. <br \/>Die Ministerpr\u00e4sidentin hat \u00fcber <a href=\"https:\/\/twitter.com\/IGFM_DE?ref_src=twsrc%5Etfw\">@IGFM_DE<\/a> die Patenschaft f\u00fcr die inhaftierte 16-j\u00e4hrige Sheno Ahmadian \u00fcbernommen. <a href=\"https:\/\/twitter.com\/hashtag\/IranRevolution2022?src=hash&amp;ref_src=twsrc%5Etfw\">#IranRevolution2022<\/a> <a href=\"https:\/\/twitter.com\/hashtag\/IranRevolution?src=hash&amp;ref_src=twsrc%5Etfw\">#IranRevolution<\/a> <a href=\"https:\/\/t.co\/A4pzQJoIQZ\">pic.twitter.com\/A4pzQJoIQZ<\/a><\/p>\n<p>&mdash; Landesregierung Rheinland-Pfalz (@rlpNews) <a href=\"https:\/\/twitter.com\/rlpNews\/status\/1607717235979698177?ref_src=twsrc%5Etfw\">December 27, 2022<\/a><\/p><\/blockquote>\n<p><script async src=\"https:\/\/platform.twitter.com\/widgets.js\" charset=\"utf-8\"><\/script><\/p>\n<p>&nbsp;<\/p>\n<p><span style=\"font-weight: bold;text-align: justify\">December 26<\/span><\/p>\n<blockquote class=\"twitter-tweet\" data-width=\"550\" data-dnt=\"true\">\n<p lang=\"es\" dir=\"ltr\">COMUNICADO OFICIAL: Ecuador condena violaciones a los derechos humanos en <a href=\"https:\/\/twitter.com\/hashtag\/Ir%C3%A1n?src=hash&amp;ref_src=twsrc%5Etfw\">#Ir\u00e1n<\/a>. <a href=\"https:\/\/t.co\/1iutfnBRFu\">pic.twitter.com\/1iutfnBRFu<\/a><\/p>\n<p>&mdash; Canciller\u00eda del Ecuador \ud83c\uddea\ud83c\udde8 (@CancilleriaEc) <a href=\"https:\/\/twitter.com\/CancilleriaEc\/status\/1607354344000684035?ref_src=twsrc%5Etfw\">December 26, 2022<\/a><\/p><\/blockquote>\n<p><script async src=\"https:\/\/platform.twitter.com\/widgets.js\" charset=\"utf-8\"><\/script><\/p>\n<blockquote class=\"twitter-tweet\" data-width=\"550\" data-dnt=\"true\">\n<p lang=\"en\" dir=\"ltr\">In support of brave Iranian women, the international community expelled Iran from the <a href=\"https:\/\/twitter.com\/UN_CSW?ref_src=twsrc%5Etfw\">@UN_CSW<\/a>. The fight for their rights continues. We call for the unconditional release of all people imprisoned in Iran for peacefully exercising their freedoms. <a href=\"https:\/\/twitter.com\/hashtag\/StandUp4HumanRights?src=hash&amp;ref_src=twsrc%5Etfw\">#StandUp4HumanRights<\/a><\/p>\n<p>&mdash; Ned Price (@StateDeptSpox) <a href=\"https:\/\/twitter.com\/StateDeptSpox\/status\/1607387004521664513?ref_src=twsrc%5Etfw\">December 26, 2022<\/a><\/p><\/blockquote>\n<p><script async src=\"https:\/\/platform.twitter.com\/widgets.js\" charset=\"utf-8\"><\/script><\/p>\n<blockquote class=\"twitter-tweet\" data-width=\"550\" data-dnt=\"true\">\n<p lang=\"en\" dir=\"ltr\">The Iranian regime cannot hide behind censorship tactics &amp; internet blackouts. What the regime fears the most is their own people revealing to the world what is happening inside <a href=\"https:\/\/twitter.com\/hashtag\/Iran?src=hash&amp;ref_src=twsrc%5Etfw\">#Iran<\/a>. <a href=\"https:\/\/t.co\/wu7D9QPKwJ\">https:\/\/t.co\/wu7D9QPKwJ<\/a><\/p>\n<p>&mdash; Senate Foreign Relations Committee (@SFRCdems) <a href=\"https:\/\/twitter.com\/SFRCdems\/status\/1607159164475670529?ref_src=twsrc%5Etfw\">December 25, 2022<\/a><\/p><\/blockquote>\n<p><script async src=\"https:\/\/platform.twitter.com\/widgets.js\" charset=\"utf-8\"><\/script><\/p>\n<blockquote class=\"twitter-tweet\" data-width=\"550\" data-dnt=\"true\">\n<p lang=\"fr\" dir=\"ltr\"><a href=\"https:\/\/twitter.com\/hashtag\/Iran?src=hash&amp;ref_src=twsrc%5Etfw\">#Iran<\/a> La jeune g\u00e9n\u00e9ration est la 1\u00e8re victime du r\u00e9gime brutal &amp; oppressant des Mollah.<a href=\"https:\/\/twitter.com\/hashtag\/AmirMohammadJafari?src=hash&amp;ref_src=twsrc%5Etfw\">#AmirMohammadJafari<\/a>, que j&#39;ai parrain\u00e9, est condamn\u00e9 \u00e0 25 ans de prison. Il est victime, selon ces informations, d&#39;actes de torture par les agents du r\u00e9gime.<a href=\"https:\/\/twitter.com\/hashtag\/StopExecutionsinIran?src=hash&amp;ref_src=twsrc%5Etfw\">#StopExecutionsinIran<\/a><a href=\"https:\/\/twitter.com\/hashtag\/MahsaAmini?src=hash&amp;ref_src=twsrc%5Etfw\">#MahsaAmini<\/a> <a href=\"https:\/\/t.co\/hsaY23O9UQ\">https:\/\/t.co\/hsaY23O9UQ<\/a><\/p>\n<p>&mdash; Fr\u00e9d\u00e9ric Valletoux (@fredvalletoux) <a href=\"https:\/\/twitter.com\/fredvalletoux\/status\/1607369477087268870?ref_src=twsrc%5Etfw\">December 26, 2022<\/a><\/p><\/blockquote>\n<p><script async src=\"https:\/\/platform.twitter.com\/widgets.js\" charset=\"utf-8\"><\/script><\/p>\n<blockquote class=\"twitter-tweet\" data-width=\"550\" data-dnt=\"true\">\n<p lang=\"de\" dir=\"ltr\">Die Verbrechen des Mullah-Regimes im <a href=\"https:\/\/twitter.com\/hashtag\/Iran?src=hash&amp;ref_src=twsrc%5Etfw\">#Iran<\/a> d\u00fcrfen nicht ungesehen bleiben. \u00d6ffentlichkeit herzustellen ist eine starke Waffe. Warum ich politische Patin von <a href=\"https:\/\/twitter.com\/hashtag\/AliMoazami?src=hash&amp;ref_src=twsrc%5Etfw\">#AliMoazami<\/a> wurde, habe ich <a href=\"https:\/\/twitter.com\/mdrde?ref_src=twsrc%5Etfw\">@mdrde<\/a> erz\u00e4hlt. <a href=\"https:\/\/twitter.com\/hashtag\/JinJiyanAzadi?src=hash&amp;ref_src=twsrc%5Etfw\">#JinJiyanAzadi<\/a> <a href=\"https:\/\/t.co\/g6V0sSuTXw\">https:\/\/t.co\/g6V0sSuTXw<\/a><\/p>\n<p>&mdash; Caren Lay (@CarenLay) <a href=\"https:\/\/twitter.com\/CarenLay\/status\/1607377979130404865?ref_src=twsrc%5Etfw\">December 26, 2022<\/a><\/p><\/blockquote>\n<p><script async src=\"https:\/\/platform.twitter.com\/widgets.js\" charset=\"utf-8\"><\/script><\/p>\n<p>&nbsp;<\/p>\n<p><span style=\"font-weight: bold;text-align: justify\">December 23<\/span><\/p>\n<blockquote class=\"twitter-tweet\" data-width=\"550\" data-dnt=\"true\">\n<p lang=\"en\" dir=\"ltr\">Iran&#39;s inhumane regime has tortured <a href=\"https:\/\/twitter.com\/hashtag\/HassanFirouzi?src=hash&amp;ref_src=twsrc%5Etfw\">#HassanFirouzi<\/a>. Now they also might execute him! Each of us must support his cause and destiny, from every country in the world, in defense of human dignity and freedom!<a href=\"https:\/\/twitter.com\/hashtag\/IranRevolution?src=hash&amp;ref_src=twsrc%5Etfw\">#IranRevolution<\/a> <a href=\"https:\/\/t.co\/0g2XWuGEDc\">pic.twitter.com\/0g2XWuGEDc<\/a><\/p>\n<p>&mdash; Enver Hoxhaj (@Enver_Hoxhaj) <a href=\"https:\/\/twitter.com\/Enver_Hoxhaj\/status\/1606311775829467136?ref_src=twsrc%5Etfw\">December 23, 2022<\/a><\/p><\/blockquote>\n<p><script async src=\"https:\/\/platform.twitter.com\/widgets.js\" charset=\"utf-8\"><\/script><\/p>\n<p>&nbsp;<\/p>\n<p><span style=\"font-weight: bold;text-align: justify\">December 22<\/span><\/p>\n<blockquote class=\"twitter-tweet\" data-width=\"550\" data-dnt=\"true\">\n<p lang=\"en\" dir=\"ltr\">America must condemn these actions from the Iranian government &amp; continue to stand with the people of Iran as they fight for their freedom! <a href=\"https:\/\/t.co\/nXPbuo9agm\">https:\/\/t.co\/nXPbuo9agm<\/a><\/p>\n<p>&mdash; Sen. James Lankford (@SenatorLankford) <a href=\"https:\/\/twitter.com\/SenatorLankford\/status\/1605941096348934144?ref_src=twsrc%5Etfw\">December 22, 2022<\/a><\/p><\/blockquote>\n<p><script async src=\"https:\/\/platform.twitter.com\/widgets.js\" charset=\"utf-8\"><\/script><\/p>\n<blockquote class=\"twitter-tweet\" data-width=\"550\" data-dnt=\"true\">\n<p lang=\"en\" dir=\"ltr\">Solidarity to those at risk of execution in Iran for exercising their rights to freedom of expression, association and peaceful assembly <a href=\"https:\/\/twitter.com\/hashtag\/StopExecutionsinIran?src=hash&amp;ref_src=twsrc%5Etfw\">#StopExecutionsinIran<\/a> Support Amnesty International UK<\/p>\n<p>&mdash; Kevin Brennan MP (@KevinBrennanMP) <a href=\"https:\/\/twitter.com\/KevinBrennanMP\/status\/1605875192445771776?ref_src=twsrc%5Etfw\">December 22, 2022<\/a><\/p><\/blockquote>\n<p><script async src=\"https:\/\/platform.twitter.com\/widgets.js\" charset=\"utf-8\"><\/script><\/p>\n<blockquote class=\"twitter-tweet\" data-width=\"550\" data-dnt=\"true\">\n<p lang=\"en\" dir=\"ltr\">Human Rights Council president <a href=\"https:\/\/twitter.com\/FVillegasARG?ref_src=twsrc%5Etfw\">@FVillegasARG<\/a> explained the scope of the Fact-Finding Mission on Iran to <a href=\"https:\/\/twitter.com\/CNN?ref_src=twsrc%5Etfw\">@CNN<\/a>&#39;s <a href=\"https:\/\/twitter.com\/LyndaKinkade?ref_src=twsrc%5Etfw\">@LyndaKinkade<\/a><\/p>\n<p>The Council created the mission after deadly protests in <a href=\"https:\/\/twitter.com\/hashtag\/Iran?src=hash&amp;ref_src=twsrc%5Etfw\">#Iran<\/a>, and Mr Villegas has named 3 experts to lead it. The mission reports to the Council in 2023 <a href=\"https:\/\/t.co\/jgD9EHM3SM\">pic.twitter.com\/jgD9EHM3SM<\/a><\/p>\n<p>&mdash; UN Human Rights Council (@UN_HRC) <a href=\"https:\/\/twitter.com\/UN_HRC\/status\/1605758809984667648?ref_src=twsrc%5Etfw\">December 22, 2022<\/a><\/p><\/blockquote>\n<p><script async src=\"https:\/\/platform.twitter.com\/widgets.js\" charset=\"utf-8\"><\/script><\/p>\n<p>&nbsp;<\/p>\n<p><span style=\"font-weight: bold;text-align: justify\">December 21<\/span><\/p>\n<blockquote class=\"twitter-tweet\" data-width=\"550\" data-dnt=\"true\">\n<p lang=\"en\" dir=\"ltr\">Iranian authorities have killed hundreds of peaceful protestors, including children, issued harsh sentences, including the death penalty following sham trials, and detained thousands. Today, we are sanctioning Iranian officials and an Iranian entity connected to these abuses.<\/p>\n<p>&mdash; Secretary Antony Blinken (@SecBlinken) <a href=\"https:\/\/twitter.com\/SecBlinken\/status\/1605640271164837888?ref_src=twsrc%5Etfw\">December 21, 2022<\/a><\/p><\/blockquote>\n<p><script async src=\"https:\/\/platform.twitter.com\/widgets.js\" charset=\"utf-8\"><\/script><\/p>\n<blockquote class=\"twitter-tweet\" data-width=\"550\" data-dnt=\"true\">\n<p lang=\"en\" dir=\"ltr\">Today\u2019s <a href=\"https:\/\/twitter.com\/USTreasury?ref_src=twsrc%5Etfw\">@USTreasury<\/a> action targets a senior Iranian official overseeing the prosecution of protestors, leaders of military &amp; paramilitary organizations violently cracking down on protestors, and a company providing security forces with tools of suppression.<a href=\"https:\/\/t.co\/tateFxtX6u\">https:\/\/t.co\/tateFxtX6u<\/a><\/p>\n<p>&mdash; Ned Price (@StateDeptSpox) <a href=\"https:\/\/twitter.com\/StateDeptSpox\/status\/1605640584995033090?ref_src=twsrc%5Etfw\">December 21, 2022<\/a><\/p><\/blockquote>\n<p><script async src=\"https:\/\/platform.twitter.com\/widgets.js\" charset=\"utf-8\"><\/script><\/p>\n<blockquote class=\"twitter-tweet\" data-width=\"550\" data-dnt=\"true\">\n<p lang=\"en\" dir=\"ltr\">Sweden expresses its strong support for the Fact-Finding Mission. Accountability for the violence and human rights violations in Iran remains essential. Read more here: \u2b07\ufe0f <a href=\"https:\/\/t.co\/CQZxZsv0qT\">https:\/\/t.co\/CQZxZsv0qT<\/a><\/p>\n<p>&mdash; Swedish Ministry for Foreign Affairs (@SweMFA) <a href=\"https:\/\/twitter.com\/SweMFA\/status\/1605565135950475264?ref_src=twsrc%5Etfw\">December 21, 2022<\/a><\/p><\/blockquote>\n<p><script async src=\"https:\/\/platform.twitter.com\/widgets.js\" charset=\"utf-8\"><\/script><\/p>\n<blockquote class=\"twitter-tweet\" data-width=\"550\" data-dnt=\"true\">\n<p lang=\"en\" dir=\"ltr\">The latest victims of Iran reign of terror &#8211; condemned to death, or already hanged, after speedy trials and no appeal. The Judiciary is a weapon of repression, it is meant to spread fear and exacting revenge on protesters. <a href=\"https:\/\/t.co\/07ZxhZRXmr\">pic.twitter.com\/07ZxhZRXmr<\/a><\/p>\n<p>&mdash; Agnes Callamard (@AgnesCallamard) <a href=\"https:\/\/twitter.com\/AgnesCallamard\/status\/1605656950926151693?ref_src=twsrc%5Etfw\">December 21, 2022<\/a><\/p><\/blockquote>\n<p><script async src=\"https:\/\/platform.twitter.com\/widgets.js\" charset=\"utf-8\"><\/script><\/p>\n<p>&nbsp;<\/p>\n<p><strong>December 20<\/strong><\/p>\n<blockquote class=\"twitter-tweet\" data-width=\"550\" data-dnt=\"true\">\n<p lang=\"es\" dir=\"ltr\">En una declaraci\u00f3n institucional el Congreso de los Diputados apela a las autoridades de Ir\u00e1n al cese inmediato de las ejecuciones y del uso desproporcionado de la fuerza frente al ejercicio leg\u00edtimo de los derechos de reuni\u00f3n y manifestaci\u00f3n.<\/p>\n<p>\ud83d\udccb Texto: <a href=\"https:\/\/t.co\/Ujjp7XaK5K\">https:\/\/t.co\/Ujjp7XaK5K<\/a> <a href=\"https:\/\/t.co\/sWPhuY5LfD\">pic.twitter.com\/sWPhuY5LfD<\/a><\/p>\n<p>&mdash; Congreso (@Congreso_Es) <a href=\"https:\/\/twitter.com\/Congreso_Es\/status\/1605291698300784640?ref_src=twsrc%5Etfw\">December 20, 2022<\/a><\/p><\/blockquote>\n<p><script async src=\"https:\/\/platform.twitter.com\/widgets.js\" charset=\"utf-8\"><\/script><\/p>\n<p>&nbsp;<\/p>\n<p><span style=\"font-weight: bold;text-align: justify\">December 19<\/span><\/p>\n<blockquote class=\"twitter-tweet\" data-width=\"550\" data-dnt=\"true\">\n<p lang=\"en\" dir=\"ltr\">Appalling. Professional soccer player Amir Nasr-Azadani faces execution in <a href=\"https:\/\/twitter.com\/hashtag\/Iran?src=hash&amp;ref_src=twsrc%5Etfw\">#Iran<\/a> simply for campaigning for women\u2019s rights &amp; basic freedom. The world must stand against such barbarous punishment of peaceful protesters. <a href=\"https:\/\/twitter.com\/hashtag\/StopExecutionsInIran?src=hash&amp;ref_src=twsrc%5Etfw\">#StopExecutionsInIran<\/a> <a href=\"https:\/\/t.co\/SNhuDxQ7WC\">https:\/\/t.co\/SNhuDxQ7WC<\/a><\/p>\n<p>&mdash; Senate Foreign Relations Committee (@SFRCdems) <a href=\"https:\/\/twitter.com\/SFRCdems\/status\/1604882692658585608?ref_src=twsrc%5Etfw\">December 19, 2022<\/a><\/p><\/blockquote>\n<p><script async src=\"https:\/\/platform.twitter.com\/widgets.js\" charset=\"utf-8\"><\/script><\/p>\n<blockquote class=\"twitter-tweet\" data-width=\"550\" data-dnt=\"true\">\n<p lang=\"en\" dir=\"ltr\">After bravely speaking out against the death of <a href=\"https:\/\/twitter.com\/hashtag\/MahsaAmini?src=hash&amp;ref_src=twsrc%5Etfw\">#MahsaAmini<\/a>, young protestors in Iran are now being publicly executed.<br \/>\u00a0<br \/>We must continue shining a light on the brave men and women fighting for their freedom and demand an end to these horrific human rights abuses.<\/p>\n<p>&mdash; Andr\u00e9 Carson (@RepAndreCarson) <a href=\"https:\/\/twitter.com\/RepAndreCarson\/status\/1604879005643329536?ref_src=twsrc%5Etfw\">December 19, 2022<\/a><\/p><\/blockquote>\n<p><script async src=\"https:\/\/platform.twitter.com\/widgets.js\" charset=\"utf-8\"><\/script><\/p>\n<blockquote class=\"twitter-tweet\" data-width=\"550\" data-dnt=\"true\">\n<p lang=\"en\" dir=\"ltr\">For over 3 months, people across the world have watched in awe as Iranian women, men and children risk everything to make their voices heard. <\/p>\n<p>Now is the time to act. <\/p>\n<p>\ud83d\udc49Act now: <a href=\"https:\/\/t.co\/EM26ZLtCOv\">https:\/\/t.co\/EM26ZLtCOv<\/a>  <a href=\"https:\/\/twitter.com\/hashtag\/JinJiyanAzadi?src=hash&amp;ref_src=twsrc%5Etfw\">#JinJiyanAzadi<\/a> <a href=\"https:\/\/twitter.com\/hashtag\/Mahsa_Amini?src=hash&amp;ref_src=twsrc%5Etfw\">#Mahsa_Amini<\/a> <a href=\"https:\/\/twitter.com\/hashtag\/%D9%85%D9%87%D8%B3%D8%A7_%D8%A7%D9%85%DB%8C%D9%86%DB%8C?src=hash&amp;ref_src=twsrc%5Etfw\">#\u0645\u0647\u0633\u0627_\u0627\u0645\u06cc\u0646\u06cc<\/a> <a href=\"https:\/\/twitter.com\/hashtag\/%D8%B2%D9%86_%D8%B2%D9%86%D8%AF%DA%AF%DB%8C_%D8%A7%D8%B2%D8%A7%D8%AF%DB%8C?src=hash&amp;ref_src=twsrc%5Etfw\">#\u0632\u0646_\u0632\u0646\u062f\u06af\u06cc_\u0627\u0632\u0627\u062f\u06cc<\/a><\/p>\n<p>&mdash; Amnesty UK (@AmnestyUK) <a href=\"https:\/\/twitter.com\/AmnestyUK\/status\/1604823879226212352?ref_src=twsrc%5Etfw\">December 19, 2022<\/a><\/p><\/blockquote>\n<p><script async src=\"https:\/\/platform.twitter.com\/widgets.js\" charset=\"utf-8\"><\/script><\/p>\n<blockquote class=\"twitter-tweet\" data-width=\"550\" data-dnt=\"true\">\n<p lang=\"en\" dir=\"ltr\">\ud83c\udd98 CALL TO ACTION: help stop arbitrary executions of protesters in Iran<\/p>\n<p>1 Find your MP &amp; their Twitter <a href=\"https:\/\/t.co\/WG4Tq9jkHY\">https:\/\/t.co\/WG4Tq9jkHY<\/a><\/p>\n<p>2 Reply to this tweet &quot;@[your MP] As my MP, will you write to the Iranian Embassy in the UK &amp; demand all executions stop <a href=\"https:\/\/t.co\/IVznURwuBu\">https:\/\/t.co\/IVznURwuBu<\/a>\u201d <\/p>\n<p>\ud83e\uddf5 <a href=\"https:\/\/t.co\/3bnBtKLefF\">pic.twitter.com\/3bnBtKLefF<\/a><\/p>\n<p>&mdash; Amnesty UK (@AmnestyUK) <a href=\"https:\/\/twitter.com\/AmnestyUK\/status\/1604823869616955396?ref_src=twsrc%5Etfw\">December 19, 2022<\/a><\/p><\/blockquote>\n<p><script async src=\"https:\/\/platform.twitter.com\/widgets.js\" charset=\"utf-8\"><\/script><\/p>\n<p>&nbsp;<\/p>\n<p><span style=\"font-weight: bold;text-align: justify\">December 16<\/span><\/p>\n<blockquote class=\"twitter-tweet\" data-width=\"550\" data-dnt=\"true\">\n<p lang=\"en\" dir=\"ltr\">With the passage of yesterday&#39;s resolution, Canada reaffirms its commitment to human rights for the people of Iran. We continue to strongly condemn the application of the death penalty and urge the Iranian regime to immediately cease plans for further executions. <a href=\"https:\/\/t.co\/Z0vz5Fg5qI\">https:\/\/t.co\/Z0vz5Fg5qI<\/a><\/p>\n<p>&mdash; Foreign Policy CAN (@CanadaFP) <a href=\"https:\/\/twitter.com\/CanadaFP\/status\/1603770773621166083?ref_src=twsrc%5Etfw\">December 16, 2022<\/a><\/p><\/blockquote>\n<p><script async src=\"https:\/\/platform.twitter.com\/widgets.js\" charset=\"utf-8\"><\/script><\/p>\n<blockquote class=\"twitter-tweet\" data-width=\"550\" data-dnt=\"true\">\n<p lang=\"en\" dir=\"ltr\">3 months ago today, <a href=\"https:\/\/twitter.com\/hashtag\/MahsaAmini?src=hash&amp;ref_src=twsrc%5Etfw\">#MahsaAmini<\/a> died after her arrest by Iran&#39;s &#39;Morality Police&#39;.<\/p>\n<p>Since then, we&#39;ve sanctioned over 40 Iranian officials.<\/p>\n<p>In total, we&#39;ve sanctioned 300+ people and entities, including the IRGC in its entirety.<\/p>\n<p>&mdash; James Cleverly\ud83c\uddec\ud83c\udde7 (@JamesCleverly) <a href=\"https:\/\/twitter.com\/JamesCleverly\/status\/1603743779617398786?ref_src=twsrc%5Etfw\">December 16, 2022<\/a><\/p><\/blockquote>\n<p><script async src=\"https:\/\/platform.twitter.com\/widgets.js\" charset=\"utf-8\"><\/script><\/p>\n<blockquote class=\"twitter-tweet\" data-width=\"550\" data-dnt=\"true\">\n<p lang=\"en\" dir=\"ltr\">3 months ago today, a 22-year old young woman died in police custody in Iran.<a href=\"https:\/\/twitter.com\/hashtag\/MahsaAmini?src=hash&amp;ref_src=twsrc%5Etfw\">#MahsaAmini<\/a>&#39;s brutal death marked a turning point.<\/p>\n<p>The women, men &amp; all those protesting in the streets of Iran have inspired the world.<\/p>\n<p>We have stood by you &amp; will stay with you.<\/p>\n<p> \u0632\u0646 \u0632\u0646\u062f\u06af\u06cc \u0622\u0632\u0627\u062f\u06cc <a href=\"https:\/\/t.co\/0tZCwpkw1S\">pic.twitter.com\/0tZCwpkw1S<\/a><\/p>\n<p>&mdash; Roberta Metsola (@EP_President) <a href=\"https:\/\/twitter.com\/EP_President\/status\/1603663568880078848?ref_src=twsrc%5Etfw\">December 16, 2022<\/a><\/p><\/blockquote>\n<p><script async src=\"https:\/\/platform.twitter.com\/widgets.js\" charset=\"utf-8\"><\/script><\/p>\n<blockquote class=\"twitter-tweet\" data-width=\"550\" data-dnt=\"true\">\n<p lang=\"en\" dir=\"ltr\">The EU adopted additional sanctions against Iran this week due to the serious situation in the country. New sanctions have been regularly adopted during the autumn. \ud83c\uddf8\ud83c\uddea has actively supported this process. <\/p>\n<p>Read more here \u2b07\ufe0f<a href=\"https:\/\/t.co\/G6UKZSiA6e\">https:\/\/t.co\/G6UKZSiA6e<\/a><\/p>\n<p>&mdash; Swedish Ministry for Foreign Affairs (@SweMFA) <a href=\"https:\/\/twitter.com\/SweMFA\/status\/1603766725660508160?ref_src=twsrc%5Etfw\">December 16, 2022<\/a><\/p><\/blockquote>\n<p><script async src=\"https:\/\/platform.twitter.com\/widgets.js\" charset=\"utf-8\"><\/script><\/p>\n<p>&nbsp;<\/p>\n<p style=\"text-align: justify\"><span style=\"font-weight: bold;text-align: justify\">December 15<\/span><\/p>\n<p style=\"text-align: justify\">The Foreign Ministers of Australia, Canada and New Zealand issued<a target=\"_blank\" href=\"https:\/\/www.canada.ca\/en\/global-affairs\/news\/2022\/12\/joint-statement-of-the-foreign-ministers-of-australia-canada-and-new-zealand-on-the-execution-of-protesters-in-iran.html\" rel=\"noopener\"> a joint statement<\/a> to condemn the execution of protesters in Iran. The statement read in part: &#8220;We are watching a dark chapter in Iran\u2019s recent history unfold and we are responding in defence of all of its citizens. The Iranian regime\u2019s brutality against its own people, in particular its women and girls, is unrelenting, and the situation is only worsening.&#8221;<\/p>\n<p style=\"text-align: justify\">\u201cThe people of Iran have not given up hope as they courageously demand full respect for their human rights, despite the threats against them.&#8221;<\/p>\n<p style=\"text-align: justify\">\u201cIran\u2019s security forces persist with draconian methods to ruthlessly suppress peaceful protestors, including the use of lethal force and senseless violence against women and children.&#8221;<\/p>\n<p style=\"text-align: justify\"><span style=\"font-weight: bold;text-align: justify\">December 13<\/span><\/p>\n<p style=\"text-align: justify\">According <a target=\"_blank\" href=\"https:\/\/www.arabnews.com\/node\/2215481\/world\" rel=\"noopener\">to Arabnews<\/a>, Italy\u2019s PM, political parties slam Iran\u2019s repression of protesters.\u00a0In a speech in the Chamber of Deputies attended by Arab News, Meloni recalled that on Monday Iran executed a second man \u2014 in defiance of an international outcry over the use of capital punishment \u2014 in connection with protests that have shaken the regime for months.<\/p>\n<p style=\"text-align: justify\">\u201cI say this clearly. The use of force against peaceful demonstrators, against women, is unjustifiable and above all unacceptable,\u201d she said.<\/p>\n<blockquote class=\"twitter-tweet\" data-width=\"550\" data-dnt=\"true\">\n<p lang=\"en\" dir=\"ltr\">The Iranian regime is murdering people to cling to power. The international community must condemn this brutality and stand with the brave Iranian people. To the courageous protestors: you are a beacon of hope, and I stand with you. <a href=\"https:\/\/twitter.com\/hashtag\/MahsaAmini?src=hash&amp;ref_src=twsrc%5Etfw\">#MahsaAmini<\/a> <a href=\"https:\/\/twitter.com\/hashtag\/%D9%85%D9%87%D8%B3%D8%A7_%D8%A7%D9%85%DB%8C%D9%86%DB%8C?src=hash&amp;ref_src=twsrc%5Etfw\">#\u0645\u0647\u0633\u0627_\u0627\u0645\u06cc\u0646\u06cc<\/a><a href=\"https:\/\/t.co\/KyBzoRe25g\">https:\/\/t.co\/KyBzoRe25g<\/a><\/p>\n<p>&mdash; Congressman Donald Norcross \ud83c\uddfa\ud83c\uddf8\ud83c\uddfa\ud83c\udde6 (@DonaldNorcross) <a href=\"https:\/\/twitter.com\/DonaldNorcross\/status\/1602689799244201984?ref_src=twsrc%5Etfw\">December 13, 2022<\/a><\/p><\/blockquote>\n<p><script async src=\"https:\/\/platform.twitter.com\/widgets.js\" charset=\"utf-8\"><\/script><\/p>\n<p style=\"text-align: justify\"><span style=\"font-weight: bold;text-align: justify\">December 12<\/span><\/p>\n<p style=\"text-align: justify\">In <a target=\"_blank\" href=\"https:\/\/www.consilium.europa.eu\/en\/press\/press-releases\/2022\/12\/12\/iran-council-approves-conclusions\/\" rel=\"noopener\">a statement<\/a>, the European Union expressed its support for &#8220;the fundamental aspiration of the people of Iran for a future where their universal human rights and fundamental freedoms are respected, protected and fulfilled&#8221;.<\/p>\n<p style=\"text-align: justify\">The statement read in part: &#8220;The European Union acknowledges the leading role of women and youth in calling for the defence of these norms and values. The European Union strongly condemns the widespread, brutal and disproportionate use of force by the Iranian authorities against peaceful protesters, including women and children, leading to the loss of hundreds of lives, in clear breach of the fundamental principles enshrined in international law.\u00a0 The right to peaceful assembly must be ensured.\u00a0 The European Union condemns restrictions on communications, including Internet shutdowns, and calls upon Iran to ensure the right to freedom of expression, including freedom to seek, receive and share information and ideas, online and offline.\u00a0 The European Union urges Iranian authorities to uphold their international obligations under international law, including the International Covenant on Civil and Political Rights (ICCPR) and the Convention on the Rights of the Child, to both of which Iran is a party.&#8221;<\/p>\n<blockquote class=\"twitter-tweet\" data-width=\"550\" data-dnt=\"true\">\n<p lang=\"en\" dir=\"ltr\">A moving visit to the <a href=\"https:\/\/twitter.com\/hashtag\/EyesonIran?src=hash&amp;ref_src=twsrc%5Etfw\">#EyesonIran<\/a> art installation at <a href=\"https:\/\/twitter.com\/4FreedomsPark?ref_src=twsrc%5Etfw\">@4FreedomsPark<\/a> in New York City.<\/p>\n<p>This week, the eyes of the world will also be on the <a href=\"https:\/\/twitter.com\/UN?ref_src=twsrc%5Etfw\">@UN<\/a>. We must listen to the resounding calls from Iranian women and civil society to remove Iran from the Commission on the Status of Women. <a href=\"https:\/\/t.co\/12ik9Wq5fz\">pic.twitter.com\/12ik9Wq5fz<\/a><\/p>\n<p>&mdash; Ambassador Linda Thomas-Greenfield (@USAmbUN) <a href=\"https:\/\/twitter.com\/USAmbUN\/status\/1602399687415369736?ref_src=twsrc%5Etfw\">December 12, 2022<\/a><\/p><\/blockquote>\n<p><script async src=\"https:\/\/platform.twitter.com\/widgets.js\" charset=\"utf-8\"><\/script><\/p>\n<blockquote class=\"twitter-tweet\" data-width=\"550\" data-dnt=\"true\">\n<p lang=\"en\" dir=\"ltr\">We must increase the pressure on Iran to end crackdowns against protestors. We must also stop EU components ending up in Iranian drones that kill Ukrainians. The Iranian regime&#39;s &quot;goodwill gestures&quot; are no substitute for accountability.<\/p>\n<p>&mdash; Gabrielius Landsbergis\ud83c\uddf1\ud83c\uddf9 (@GLandsbergis) <a href=\"https:\/\/twitter.com\/GLandsbergis\/status\/1602358610604036123?ref_src=twsrc%5Etfw\">December 12, 2022<\/a><\/p><\/blockquote>\n<p><script async src=\"https:\/\/platform.twitter.com\/widgets.js\" charset=\"utf-8\"><\/script><\/p>\n<blockquote class=\"twitter-tweet\" data-width=\"550\" data-dnt=\"true\">\n<p lang=\"de\" dir=\"ltr\">Es reicht nicht, einige weitere Mitglieder der <a href=\"https:\/\/twitter.com\/hashtag\/Revolutionsgarden?src=hash&amp;ref_src=twsrc%5Etfw\">#Revolutionsgarden<\/a> zu sanktionieren. <a href=\"https:\/\/twitter.com\/hashtag\/Deutschland?src=hash&amp;ref_src=twsrc%5Etfw\">#Deutschland<\/a> und die <a href=\"https:\/\/twitter.com\/hashtag\/EU?src=hash&amp;ref_src=twsrc%5Etfw\">#EU<\/a> m\u00fcssen ein starkes Zeichen der Unterst\u00fctzung f\u00fcr die mutigen Demonstranten und die vom Tod bedrohten Inhaftierten im <a href=\"https:\/\/twitter.com\/hashtag\/Iran?src=hash&amp;ref_src=twsrc%5Etfw\">#Iran<\/a> senden. <a href=\"https:\/\/t.co\/pAyY2eHodZ\">https:\/\/t.co\/pAyY2eHodZ<\/a> <a href=\"https:\/\/twitter.com\/hashtag\/iranrevolution?src=hash&amp;ref_src=twsrc%5Etfw\">#iranrevolution<\/a><\/p>\n<p>&mdash; Renata Alt (@RenataAlt_MdB) <a href=\"https:\/\/twitter.com\/RenataAlt_MdB\/status\/1602301469826367488?ref_src=twsrc%5Etfw\">December 12, 2022<\/a><\/p><\/blockquote>\n<p><script async src=\"https:\/\/platform.twitter.com\/widgets.js\" charset=\"utf-8\"><\/script><\/p>\n<blockquote class=\"twitter-tweet\" data-width=\"550\" data-dnt=\"true\">\n<p lang=\"en\" dir=\"ltr\">I am shocked at the news from Iran. A second citizen who protested against repression has been executed in abject circumstances. Executions must cease immediately, all detainees should have access to due process and protection of their physical integrity. <a href=\"https:\/\/t.co\/O359LuOMHg\">https:\/\/t.co\/O359LuOMHg<\/a><\/p>\n<p>&mdash; Jo\u00e3o Cravinho (@JoaoCravinho) <a href=\"https:\/\/twitter.com\/JoaoCravinho\/status\/1602322259049332741?ref_src=twsrc%5Etfw\">December 12, 2022<\/a><\/p><\/blockquote>\n<p><script async src=\"https:\/\/platform.twitter.com\/widgets.js\" charset=\"utf-8\"><\/script><\/p>\n<blockquote class=\"twitter-tweet\" data-width=\"550\" data-dnt=\"true\">\n<p lang=\"en\" dir=\"ltr\">\ud83c\uddee\ud83c\uddf7 <a href=\"https:\/\/twitter.com\/hashtag\/Iran?src=hash&amp;ref_src=twsrc%5Etfw\">#Iran<\/a>: Appalled by continued use of <a href=\"https:\/\/twitter.com\/hashtag\/DeathPenalty?src=hash&amp;ref_src=twsrc%5Etfw\">#DeathPenalty<\/a> after news that a 2nd protester, <a href=\"https:\/\/twitter.com\/hashtag\/MajidrezaRahnavard?src=hash&amp;ref_src=twsrc%5Etfw\">#MajidrezaRahnavard<\/a>, was executed just over 3 weeks after his arrest. We fear for the lives of other protesters sentenced to death. The use of death penalty is not consistent with right to life. <a href=\"https:\/\/t.co\/BBbpDTbdKB\">pic.twitter.com\/BBbpDTbdKB<\/a><\/p>\n<p>&mdash; UN Human Rights (@UNHumanRights) <a href=\"https:\/\/twitter.com\/UNHumanRights\/status\/1602279794015600640?ref_src=twsrc%5Etfw\">December 12, 2022<\/a><\/p><\/blockquote>\n<p><script async src=\"https:\/\/platform.twitter.com\/widgets.js\" charset=\"utf-8\"><\/script><\/p>\n<blockquote class=\"twitter-tweet\" data-width=\"550\" data-dnt=\"true\">\n<p lang=\"en\" dir=\"ltr\">I am appalled that the Iranian regime executed its second protestor Majid-Reza Rahnavard today.<\/p>\n<p>There can be no justification for the regime&#39;s abhorrent treatment of its own people.<\/p>\n<p>UK opposes the death penalty and will continue to hold the regime to account.<\/p>\n<p>&mdash; Lord (Tariq)Ahmad of Wimbledon (@tariqahmadbt) <a href=\"https:\/\/twitter.com\/tariqahmadbt\/status\/1602419492679782419?ref_src=twsrc%5Etfw\">December 12, 2022<\/a><\/p><\/blockquote>\n<p><script async src=\"https:\/\/platform.twitter.com\/widgets.js\" charset=\"utf-8\"><\/script><\/p>\n<p style=\"text-align: justify\"><span style=\"font-weight: bold;text-align: justify\">December 11<\/span><\/p>\n<blockquote class=\"twitter-tweet\" data-width=\"550\" data-dnt=\"true\">\n<p lang=\"en\" dir=\"ltr\">1-Iranian people uprising is escalating in its 4th month in all provinces, despite brutal repression&amp;failure of regime\u2019s attempts to quell it, including cutting off internet, shooting at youth &amp;children, filling prisons &amp;detention centers, &amp;execution of participants in protests.<\/p>\n<p>&mdash; \u0645\u0639\u0645\u0631 \u0627\u0644\u0625\u0631\u064a\u0627\u0646\u064a (@ERYANIM) <a href=\"https:\/\/twitter.com\/ERYANIM\/status\/1601996497616535553?ref_src=twsrc%5Etfw\">December 11, 2022<\/a><\/p><\/blockquote>\n<p><script async src=\"https:\/\/platform.twitter.com\/widgets.js\" charset=\"utf-8\"><\/script><\/p>\n<p style=\"text-align: justify\"><span style=\"font-weight: bold;text-align: justify\">December 10<\/span><\/p>\n<blockquote class=\"twitter-tweet\" data-width=\"550\" data-dnt=\"true\">\n<p lang=\"en\" dir=\"ltr\">Australia is imposing Magnitsky-style sanctions on 13 individuals and two entities, including Iran\u2019s Morality Police, over their involvement in egregious human rights abuses.<\/p>\n<p>We are committed to taking clear action to assert our values and to hold perpetrators to account.<\/p>\n<p>&mdash; Senator Penny Wong (@SenatorWong) <a href=\"https:\/\/twitter.com\/SenatorWong\/status\/1601354666536673280?ref_src=twsrc%5Etfw\">December 9, 2022<\/a><\/p><\/blockquote>\n<p><script async src=\"https:\/\/platform.twitter.com\/widgets.js\" charset=\"utf-8\"><\/script><\/p>\n<blockquote class=\"twitter-tweet\" data-width=\"550\" data-dnt=\"true\">\n<p lang=\"en\" dir=\"ltr\">USCIRF Commissioner <a href=\"https:\/\/twitter.com\/RealEU4U?ref_src=twsrc%5Etfw\">@RealEU4U<\/a>: &quot;The US government and international community need to urge Iran to immediately cease their attacks on peaceful protesters asking for greater religious freedom.&quot;<\/p>\n<p>&mdash; USCIRF (@USCIRF) <a href=\"https:\/\/twitter.com\/USCIRF\/status\/1601360409277366273?ref_src=twsrc%5Etfw\">December 9, 2022<\/a><\/p><\/blockquote>\n<p><script async src=\"https:\/\/platform.twitter.com\/widgets.js\" charset=\"utf-8\"><\/script><\/p>\n<blockquote class=\"twitter-tweet\" data-width=\"550\" data-dnt=\"true\">\n<p lang=\"de\" dir=\"ltr\">Seit dem Tod von Mahsa Amini erleben wir eine \u00e4u\u00dferst besorgniserregende Situation im <a href=\"https:\/\/twitter.com\/hashtag\/Iran?src=hash&amp;ref_src=twsrc%5Etfw\">#Iran<\/a>. Gewalt gegen Frauen, die gegen die Bekleidungsvorschrift versto\u00dfen, und gegen Menschen, die friedlich f\u00fcr Frauen- &amp; Menschenrechte demonstrieren, ist absolut inakzeptabel.<\/p>\n<p>&mdash; Karl Nehammer (@karlnehammer) <a href=\"https:\/\/twitter.com\/karlnehammer\/status\/1601624378617528320?ref_src=twsrc%5Etfw\">December 10, 2022<\/a><\/p><\/blockquote>\n<p><script async src=\"https:\/\/platform.twitter.com\/widgets.js\" charset=\"utf-8\"><\/script><\/p>\n<blockquote class=\"twitter-tweet\" data-width=\"550\" data-dnt=\"true\">\n<p lang=\"en\" dir=\"ltr\">Recent peaceful protests in <a href=\"https:\/\/twitter.com\/hashtag\/Iran?src=hash&amp;ref_src=twsrc%5Etfw\">#Iran<\/a> show the strength of the Iranian people in their demands for basic rights like speech, press, religion, assembly, &amp; more. The regime\u2019s brutal crackdowns reinforce its status as a pariah state as the Iranian people demand change.<\/p>\n<p>&mdash; Senate Foreign Relations Committee Ranking Member (@SenateForeign) <a href=\"https:\/\/twitter.com\/SenateForeign\/status\/1601669606480846849?ref_src=twsrc%5Etfw\">December 10, 2022<\/a><\/p><\/blockquote>\n<p><script async src=\"https:\/\/platform.twitter.com\/widgets.js\" charset=\"utf-8\"><\/script><\/p>\n<blockquote class=\"twitter-tweet\" data-width=\"550\" data-dnt=\"true\">\n<p lang=\"en\" dir=\"ltr\">Iran&#39;s authorities are preparing to execute 22-year-old protester <a href=\"https:\/\/twitter.com\/hashtag\/MahanSadratMadani?src=hash&amp;ref_src=twsrc%5Etfw\">#MahanSadratMadani<\/a> just a month after a grossly unfair trial before a Revolutionary Court in Tehran on 3 Nov. He was moved to Raja\u2019ai Shahr prison in Karaj today, sparking concerns that his execution is imminent. <a href=\"https:\/\/t.co\/rTl9dhfLOK\">pic.twitter.com\/rTl9dhfLOK<\/a><\/p>\n<p>&mdash; Amnesty Iran (@AmnestyIran) <a href=\"https:\/\/twitter.com\/AmnestyIran\/status\/1601593831245373443?ref_src=twsrc%5Etfw\">December 10, 2022<\/a><\/p><\/blockquote>\n<p><script async src=\"https:\/\/platform.twitter.com\/widgets.js\" charset=\"utf-8\"><\/script><\/p>\n<p style=\"text-align: justify\"><span style=\"font-weight: bold;text-align: justify\">December 9<\/span><\/p>\n<p style=\"text-align: justify\">The Governments of the United States of America and Canada <a target=\"_blank\" href=\"https:\/\/www.state.gov\/joint-statement-by-canada-and-united-states-on-the-human-rights-situation-in-iran\/\" rel=\"noopener\">issued a statement<\/a> on the Human Rights Situation in Iran. The statement read in part: &#8220;Today, we have taken coordinated sanctions actions against Iranian officials connected to human rights abuses, including those committed as part of the ongoing brutal crackdown aimed at denying the Iranian people their human rights and fundamental freedoms.\u00a0 Our sanctions come as Iran\u2019s leadership continues to perpetrate violence against its people without relent.\u00a0 Security forces reportedly have killed hundreds of peaceful protestors, including dozens of children, and have arbitrarily detained thousands of Iranians in their effort to silence the people of Iran.\u00a0 We are gravely alarmed by recent reports that Iranian authorities are using sexual violence as a heinous means of protest suppression.\u00a0 Iranian courts have also now begun issuing harsh sentences to advocates and protestors ranging from lengthy prison sentences to the death penalty.&#8221;<\/p>\n<p style=\"text-align: justify\"><span style=\"font-weight: bold;text-align: justify\">December 8<\/span><\/p>\n<p style=\"text-align: justify\">The Governments of the United States of America, Australia, Canada, Chile, Iceland, New Zealand, the Republic of Korea, Sweden, and the United Kingdom issued a <a target=\"_blank\" href=\"https:\/\/www.state.gov\/joint-statement-through-the-global-partnership-for-action-on-gender-based-online-harassment-and-abuse-on-standing-with-the-women-and-girls-of-iran\/\" rel=\"noopener\">joint statement<\/a> that called for action on gender-based online harassment and abuse on standing with women and girls of Iran.<\/p>\n<blockquote class=\"twitter-tweet\" data-width=\"550\" data-dnt=\"true\">\n<p lang=\"en\" dir=\"ltr\">Iranian women and girls bravely lead protests despite Iranian authorities\u2019 use of tech-facilitated <a href=\"https:\/\/twitter.com\/hashtag\/GBV?src=hash&amp;ref_src=twsrc%5Etfw\">#GBV<\/a> to threaten and silence them. The U.S. and the Global Partnership for Action on Gender-Based Online Harassment &amp; Abuse call for an end to this practice. <a href=\"https:\/\/t.co\/DTSM6h2agj\">https:\/\/t.co\/DTSM6h2agj<\/a><\/p>\n<p>&mdash; Secretary Antony Blinken (@SecBlinken) <a href=\"https:\/\/twitter.com\/SecBlinken\/status\/1600912330833158144?ref_src=twsrc%5Etfw\">December 8, 2022<\/a><\/p><\/blockquote>\n<p><script async src=\"https:\/\/platform.twitter.com\/widgets.js\" charset=\"utf-8\"><\/script><\/p>\n<blockquote class=\"twitter-tweet\" data-width=\"550\" data-dnt=\"true\">\n<p lang=\"en\" dir=\"ltr\">Tonight, <a href=\"https:\/\/twitter.com\/HouseForeignGOP?ref_src=twsrc%5Etfw\">@HouseForeignGOP<\/a> unanimously passed my resolution to support the brave Iranian protestors who are risking their lives fighting for freedom and democracy. <\/p>\n<p>The United States Congress must stand with the Iranian people.<\/p>\n<p>Watch my full remarks here: <a href=\"https:\/\/t.co\/Whddo3tWu5\">pic.twitter.com\/Whddo3tWu5<\/a><\/p>\n<p>&mdash; Rep. Claudia Tenney (@RepTenney) <a href=\"https:\/\/twitter.com\/RepTenney\/status\/1600637345593556992?ref_src=twsrc%5Etfw\">December 7, 2022<\/a><\/p><\/blockquote>\n<p><script async src=\"https:\/\/platform.twitter.com\/widgets.js\" charset=\"utf-8\"><\/script><\/p>\n<p style=\"text-align: justify\">Amnesty International<a target=\"_blank\" href=\"https:\/\/www.amnesty.org\/en\/latest\/news\/2022\/12\/iran-authorities-covering-up-their-crimes-of-child-killings-by-coercing-families-into-silence\/\" rel=\"noopener\"> issued a statement<\/a> entitled: &#8220;Authorities covering up their crimes of child killings by coercing families into silence&#8221;.<\/p>\n<p style=\"text-align: justify\">The statement partly read: \u201cThe authorities have not only condemned families of children killed to a lifetime of inconsolable sadness, but they have also inflicted extreme mental anguish upon them through cruel restrictions on burials, commemorations, and relentless intimidation aimed at enforcing silence. These practices violate the absolute prohibition on cruel, inhuman, and degrading treatment or punishment,\u201d said Heba Morayef, Amnesty International\u2019s Regional Director for the Middle East and North Africa.&#8221;<\/p>\n<blockquote class=\"twitter-tweet\" data-width=\"550\" data-dnt=\"true\">\n<p lang=\"en\" dir=\"ltr\">Violating every human right, even that of a fair trial, Iranian authorities have executed a 23-year-old protester. <\/p>\n<p>The international community must react immediately and strongly condemn this execution. <\/p>\n<p>We stand with the people of Iran in their fight for freedom. <a href=\"https:\/\/t.co\/I4lSOQiTaK\">pic.twitter.com\/I4lSOQiTaK<\/a><\/p>\n<p>&mdash; EPP (@EPP) <a href=\"https:\/\/twitter.com\/EPP\/status\/1600897998115962880?ref_src=twsrc%5Etfw\">December 8, 2022<\/a><\/p><\/blockquote>\n<p><script async src=\"https:\/\/platform.twitter.com\/widgets.js\" charset=\"utf-8\"><\/script><\/p>\n<p style=\"text-align: justify\"><strong><span style=\"text-align: justify\">December 7<\/span><\/strong><\/p>\n<p style=\"text-align: justify\">&#8220;The US Senate Foreign Relations Committee on Wednesday approved a bipartisan resolution reaffirming U.S. support for Iranian protesters and calling on the Biden administration to impose additional sanctions on Iranian officials and entities responsible for repressing the protests,&#8221; the <a target=\"_blank\" href=\"https:\/\/thehill.com\/homenews\/senate\/3765749-bipartisan-senators-advance-measure-to-support-iranian-protesters\/\" rel=\"noopener\">Hill wrote<\/a>.<\/p>\n<p style=\"text-align: justify\">\u201cIt is my hope that Congressional approval of this bipartisan, bicameral resolution will help amplify the voices of the hundreds of thousands of women and men of Iran who are protesting against the brutality of one of the world\u2019s most repressive regimes,\u201d Sen. Bob Menendez (D-N.J.), who chairs the committee, said in <a target=\"_blank\" href=\"https:\/\/www.foreign.senate.gov\/press\/dem\/release\/sfrc-approves-bipartisan-resolution-in-support-of-anti-regime-protests-in-iran\" rel=\"noopener\">a statement<\/a>.<\/p>\n<blockquote class=\"twitter-tweet\" data-width=\"550\" data-dnt=\"true\">\n<p lang=\"en\" dir=\"ltr\">I am inspired by the women of Iran and their bravery. We will continue to work with the international community to hold the Iranian regime accountable for its brutal crackdown on the Iranian people. <a href=\"https:\/\/twitter.com\/hashtag\/MahsaAmini?src=hash&amp;ref_src=twsrc%5Etfw\">#MahsaAmini<\/a> <a href=\"https:\/\/t.co\/1ZK9Omegqv\">https:\/\/t.co\/1ZK9Omegqv<\/a><\/p>\n<p>&mdash; Vice President Kamala Harris (@VP) <a href=\"https:\/\/twitter.com\/VP\/status\/1600596761642340352?ref_src=twsrc%5Etfw\">December 7, 2022<\/a><\/p><\/blockquote>\n<p><script async src=\"https:\/\/platform.twitter.com\/widgets.js\" charset=\"utf-8\"><\/script><\/p>\n<p style=\"text-align: justify\">United States State Department spokesman Ned Price told reporters during his <a target=\"_blank\" href=\"https:\/\/www.state.gov\/briefings\/department-press-briefing-december-7-2022\/\" rel=\"noopener\">Press Briefing<\/a>: The courage of the Iranian people is an inspiration to the world, especially the courage of the women, girls, youth of Iran, who are leading these peaceful protests. Iran\u2019s students and children are the very people who should be the future of their country. Instead, authorities are attacking them and arresting them by the thousands.<\/p>\n<blockquote class=\"twitter-tweet\" data-width=\"550\" data-dnt=\"true\">\n<p lang=\"en\" dir=\"ltr\">Sweden stands with all Iranian women peacefully demonstrating for their human rights.<br \/>\u00a0<br \/>The right to freedom of expression and assembly must be respected.<\/p>\n<p>More: <a href=\"https:\/\/t.co\/HP6qWOZWIG\">https:\/\/t.co\/HP6qWOZWIG<\/a><br \/>\u00a0<a href=\"https:\/\/twitter.com\/hashtag\/OrangeTheWorld?src=hash&amp;ref_src=twsrc%5Etfw\">#OrangeTheWorld<\/a>\u00a0 <a href=\"https:\/\/twitter.com\/hashtag\/16Days?src=hash&amp;ref_src=twsrc%5Etfw\">#16Days<\/a> <a href=\"https:\/\/t.co\/GTyukYD2VD\">pic.twitter.com\/GTyukYD2VD<\/a><\/p>\n<p>&mdash; Swedish Ministry for Foreign Affairs (@SweMFA) <a href=\"https:\/\/twitter.com\/SweMFA\/status\/1600532159076655106?ref_src=twsrc%5Etfw\">December 7, 2022<\/a><\/p><\/blockquote>\n<p><script async src=\"https:\/\/platform.twitter.com\/widgets.js\" charset=\"utf-8\"><\/script><\/p>\n<blockquote class=\"twitter-tweet\" data-width=\"550\" data-dnt=\"true\">\n<p lang=\"sv\" dir=\"ltr\">EU m\u00e5ste terrorst\u00e4mpla det iranska revolution\u00e4ra gardet, regimens brutala f\u00f6rl\u00e4ngda arm. Det \u00e4r gardet som underbl\u00e5ser och f\u00f6rsvarar det blodiga f\u00f6rtryck som Irans mullastyre uts\u00e4tter sin befolkning f\u00f6r. USA har redan fattat ett beslut att terrorst\u00e4mpla. EU m\u00e5ste g\u00f6ra detsamma. <a href=\"https:\/\/t.co\/B80CsOOlG1\">pic.twitter.com\/B80CsOOlG1<\/a><\/p>\n<p>&mdash; Annie L\u00f6\u00f6f (@annieloof) <a href=\"https:\/\/twitter.com\/annieloof\/status\/1600479012672765953?ref_src=twsrc%5Etfw\">December 7, 2022<\/a><\/p><\/blockquote>\n<p><script async src=\"https:\/\/platform.twitter.com\/widgets.js\" charset=\"utf-8\"><\/script><\/p>\n<p style=\"text-align: justify\"><strong style=\"text-align: justify\">December 6<\/strong><\/p>\n<p style=\"text-align: justify\">United States State Department spokesman Ned Price told reporters during his <a target=\"_blank\" href=\"https:\/\/www.state.gov\/briefings\/department-press-briefing-december-6-2022\/\" rel=\"noopener\">Press Briefing<\/a>: &#8220;Early last month, Vice President Harris outlined our intention to work with partners around the world to remove Iran as a member of the Commission on the Status of Women. We are committed to removing Iran from the commission because it is, simply put, the right thing to do. It\u2019s the proper thing to do. It shows that we stand with women in Iran and around the world, including from a variety of civil society groups that have led this push who are asking for Iran to be removed from the Commission on the Status of Women because of Tehran\u2019s very egregious actions against Iran\u2019s women and girls.&#8221;<\/p>\n<p style=\"text-align: justify\">&#8220;When it comes to the broader abuses that we\u2019ve seen on the part of the Iranian regime, we have denounced the draconian sentences that have been handed down. We denounced them in the strongest possible terms. Unfortunately, this is just really the latest tactic that we\u2019ve seen from the Iranian regime with its ongoing, brutal crackdown on what can only be described as peaceful protesters \u2013 individuals who are exercising their universal rights. These sentences, we know, are meant to intimidate people, to suppress dissent. They are \u2013 they simply underscore Iran\u2019s leadership\u2019s fears of its own people and the fact that Iran\u2019s government fears the truth.&#8221;<\/p>\n<p style=\"text-align: justify\">&#8220;As this violent crackdown on peaceful protesters continues, the Iranian regime should know that the world is watching. This goes back to the fact-finding mission that you referenced just a moment ago. We are committed to supporting the Iranian people and imposing costs on those responsible for the brutal crackdown. We\u2019ve been able to do that now through multiple rounds of sanctions. We\u2019re continuing to work with partners around the world to find ways to confront Iran\u2019s human rights abuses, and we\u2019re doing so both in public and in private.&#8221;<\/p>\n<p style=\"text-align: justify\">Amnesty International<a target=\"_blank\" href=\"https:\/\/www.amnesty.org\/en\/latest\/news\/2022\/12\/iran-international-community-must-not-be-deceived-by-dubious-claims-of-disbanding-morality-police\/\" rel=\"noopener\"> issued a statement<\/a> and called on the International community not to be deceived by dubious claims of the Iranian regime about the disbanding \u2018morality police\u2019.<\/p>\n<p style=\"text-align: justify\">The statement read in part: &#8220;The Iranian authorities\u2019 vague and conflicting statements on the supposed disbanding of Iran\u2019s so-called \u201cmorality police\u201d must not deceive the international community about the continuing violence against women and girls embedded in compulsory veiling laws and fuelled by ongoing impunity for those violently enforcing them, said Amnesty International today.&#8221;<\/p>\n<blockquote class=\"twitter-tweet\" data-width=\"550\" data-dnt=\"true\">\n<p lang=\"en\" dir=\"ltr\">The international community must not be deceived by dubious claims about the disbanding of Iran&#39;s \u2018morality police\u2019. <\/p>\n<p>People in Iran still need our attention and action. <a href=\"https:\/\/t.co\/HBKKoCFdTL\">pic.twitter.com\/HBKKoCFdTL<\/a><\/p>\n<p>&mdash; Amnesty International (@amnesty) <a href=\"https:\/\/twitter.com\/amnesty\/status\/1600106693626662919?ref_src=twsrc%5Etfw\">December 6, 2022<\/a><\/p><\/blockquote>\n<p><script async src=\"https:\/\/platform.twitter.com\/widgets.js\" charset=\"utf-8\"><\/script><\/p>\n<p style=\"text-align: justify\">\n","protected":false},"excerpt":{"rendered":"<p>The nationwide uprising in Iran that was sparked by the killing of a 22-years-young girl and highlighted the regime&rsquo;s gender apartheid quickly escalated into a major revolution that is now [&#8230;]<\/p>\n","protected":false},"author":46,"featured_media":264120,"comment_status":"closed","ping_status":"closed","sticky":false,"template":"","format":"standard","meta":{"footnotes":""},"categories":[9,15],"tags":[130,276,3982],"class_list":{"0":"post-267589","1":"post","2":"type-post","3":"status-publish","4":"format-standard","5":"has-post-thumbnail","7":"category-iran-protests","8":"category-human-rights","9":"tag-iran-protests","10":"tag-iran-human-rights","11":"tag-global-support-iran-protests-2022"},"yoast_head":"<!-- This site is optimized with the Yoast SEO plugin v27.4 - https:\/\/yoast.com\/product\/yoast-seo-wordpress\/ -->\n<title>The Mounting Global Support of the Ongoing Anti-regime Iran Protests- Nr. 5\u00a0 - NCRI<\/title>\n<meta name=\"description\" content=\"The nationwide uprising in Iran that was sparked by the killing of a 22-years-young girl and highlighted the regime&#039;s gender apartheid quickly escalated\" \/>\n<meta name=\"robots\" content=\"index, follow, max-snippet:-1, max-image-preview:large, max-video-preview:-1\" \/>\n<link rel=\"canonical\" href=\"https:\/\/www.ncr-iran.org\/en\/news\/human-rights\/the-mounting-global-support-of-the-ongoing-anti-regime-iran-protests-nr-5\/\" \/>\n<meta property=\"og:locale\" content=\"en_US\" \/>\n<meta property=\"og:type\" content=\"article\" \/>\n<meta property=\"og:title\" content=\"The Mounting Global Support of the Ongoing Anti-regime Iran Protests- Nr. 5\u00a0 - NCRI\" \/>\n<meta property=\"og:description\" content=\"The nationwide uprising in Iran that was sparked by the killing of a 22-years-young girl and highlighted the regime&#039;s gender apartheid quickly escalated\" \/>\n<meta property=\"og:url\" content=\"https:\/\/www.ncr-iran.org\/en\/news\/human-rights\/the-mounting-global-support-of-the-ongoing-anti-regime-iran-protests-nr-5\/\" \/>\n<meta property=\"og:site_name\" content=\"NCRI\" \/>\n<meta property=\"article:published_time\" content=\"2022-12-09T13:23:05+00:00\" \/>\n<meta property=\"article:modified_time\" content=\"2023-02-06T21:49:15+00:00\" \/>\n<meta property=\"og:image\" content=\"https:\/\/www.ncr-iran.org\/en\/wp-content\/uploads\/2022\/09\/photo_2022-09-20_22-49-47.jpg\" \/>\n\t<meta property=\"og:image:width\" content=\"1000\" \/>\n\t<meta property=\"og:image:height\" content=\"533\" \/>\n\t<meta property=\"og:image:type\" content=\"image\/jpeg\" \/>\n<meta name=\"author\" content=\"Staff Writer\" \/>\n<meta name=\"twitter:card\" content=\"summary_large_image\" \/>\n<meta name=\"twitter:creator\" content=\"@iran_policy\" \/>\n<meta name=\"twitter:site\" content=\"@iran_policy\" \/>\n<meta name=\"twitter:label1\" content=\"Written by\" \/>\n\t<meta name=\"twitter:data1\" content=\"Staff Writer\" \/>\n\t<meta name=\"twitter:label2\" content=\"Est. reading time\" \/>\n\t<meta name=\"twitter:data2\" content=\"7 minutes\" \/>\n<script type=\"application\/ld+json\" class=\"yoast-schema-graph\">{\"@context\":\"https:\\\/\\\/schema.org\",\"@graph\":[{\"@type\":[\"Article\",\"BlogPosting\"],\"@id\":\"https:\\\/\\\/www.ncr-iran.org\\\/en\\\/news\\\/human-rights\\\/the-mounting-global-support-of-the-ongoing-anti-regime-iran-protests-nr-5\\\/#article\",\"isPartOf\":{\"@id\":\"https:\\\/\\\/www.ncr-iran.org\\\/en\\\/news\\\/human-rights\\\/the-mounting-global-support-of-the-ongoing-anti-regime-iran-protests-nr-5\\\/\"},\"author\":{\"name\":\"Staff Writer\",\"@id\":\"https:\\\/\\\/www.ncr-iran.org\\\/en\\\/#\\\/schema\\\/person\\\/60f6d5cdb0dd68f792e464ca4193477b\"},\"headline\":\"The Mounting Global Support of the Ongoing Anti-regime Iran Protests- Nr. 5\u00a0\",\"datePublished\":\"2022-12-09T13:23:05+00:00\",\"dateModified\":\"2023-02-06T21:49:15+00:00\",\"mainEntityOfPage\":{\"@id\":\"https:\\\/\\\/www.ncr-iran.org\\\/en\\\/news\\\/human-rights\\\/the-mounting-global-support-of-the-ongoing-anti-regime-iran-protests-nr-5\\\/\"},\"wordCount\":1686,\"publisher\":{\"@id\":\"https:\\\/\\\/www.ncr-iran.org\\\/en\\\/#organization\"},\"image\":{\"@id\":\"https:\\\/\\\/www.ncr-iran.org\\\/en\\\/news\\\/human-rights\\\/the-mounting-global-support-of-the-ongoing-anti-regime-iran-protests-nr-5\\\/#primaryimage\"},\"thumbnailUrl\":\"https:\\\/\\\/www.ncr-iran.org\\\/en\\\/wp-content\\\/uploads\\\/2022\\\/09\\\/photo_2022-09-20_22-49-47.jpg\",\"keywords\":[\"Iran Protests\",\"Iran Human Rights\",\"Global Support Iran Protests 2022\"],\"articleSection\":[\"Iran Protests &amp; Demonstrations\",\"Iran Human Rights\"],\"inLanguage\":\"en-US\"},{\"@type\":\"WebPage\",\"@id\":\"https:\\\/\\\/www.ncr-iran.org\\\/en\\\/news\\\/human-rights\\\/the-mounting-global-support-of-the-ongoing-anti-regime-iran-protests-nr-5\\\/\",\"url\":\"https:\\\/\\\/www.ncr-iran.org\\\/en\\\/news\\\/human-rights\\\/the-mounting-global-support-of-the-ongoing-anti-regime-iran-protests-nr-5\\\/\",\"name\":\"The Mounting Global Support of the Ongoing Anti-regime Iran Protests- Nr. 5\u00a0 - NCRI\",\"isPartOf\":{\"@id\":\"https:\\\/\\\/www.ncr-iran.org\\\/en\\\/#website\"},\"primaryImageOfPage\":{\"@id\":\"https:\\\/\\\/www.ncr-iran.org\\\/en\\\/news\\\/human-rights\\\/the-mounting-global-support-of-the-ongoing-anti-regime-iran-protests-nr-5\\\/#primaryimage\"},\"image\":{\"@id\":\"https:\\\/\\\/www.ncr-iran.org\\\/en\\\/news\\\/human-rights\\\/the-mounting-global-support-of-the-ongoing-anti-regime-iran-protests-nr-5\\\/#primaryimage\"},\"thumbnailUrl\":\"https:\\\/\\\/www.ncr-iran.org\\\/en\\\/wp-content\\\/uploads\\\/2022\\\/09\\\/photo_2022-09-20_22-49-47.jpg\",\"datePublished\":\"2022-12-09T13:23:05+00:00\",\"dateModified\":\"2023-02-06T21:49:15+00:00\",\"description\":\"The nationwide uprising in Iran that was sparked by the killing of a 22-years-young girl and highlighted the regime's gender apartheid quickly escalated\",\"breadcrumb\":{\"@id\":\"https:\\\/\\\/www.ncr-iran.org\\\/en\\\/news\\\/human-rights\\\/the-mounting-global-support-of-the-ongoing-anti-regime-iran-protests-nr-5\\\/#breadcrumb\"},\"inLanguage\":\"en-US\",\"potentialAction\":[{\"@type\":\"ReadAction\",\"target\":[\"https:\\\/\\\/www.ncr-iran.org\\\/en\\\/news\\\/human-rights\\\/the-mounting-global-support-of-the-ongoing-anti-regime-iran-protests-nr-5\\\/\"]}]},{\"@type\":\"ImageObject\",\"inLanguage\":\"en-US\",\"@id\":\"https:\\\/\\\/www.ncr-iran.org\\\/en\\\/news\\\/human-rights\\\/the-mounting-global-support-of-the-ongoing-anti-regime-iran-protests-nr-5\\\/#primaryimage\",\"url\":\"https:\\\/\\\/www.ncr-iran.org\\\/en\\\/wp-content\\\/uploads\\\/2022\\\/09\\\/photo_2022-09-20_22-49-47.jpg\",\"contentUrl\":\"https:\\\/\\\/www.ncr-iran.org\\\/en\\\/wp-content\\\/uploads\\\/2022\\\/09\\\/photo_2022-09-20_22-49-47.jpg\",\"width\":1000,\"height\":533,\"caption\":\"photo_2022-09-20_22-49-47\"},{\"@type\":\"BreadcrumbList\",\"@id\":\"https:\\\/\\\/www.ncr-iran.org\\\/en\\\/news\\\/human-rights\\\/the-mounting-global-support-of-the-ongoing-anti-regime-iran-protests-nr-5\\\/#breadcrumb\",\"itemListElement\":[{\"@type\":\"ListItem\",\"position\":1,\"name\":\"Home\",\"item\":\"https:\\\/\\\/www.ncr-iran.org\\\/en\\\/\"},{\"@type\":\"ListItem\",\"position\":2,\"name\":\"The Mounting Global Support of the Ongoing Anti-regime Iran Protests- Nr. 5\u00a0\"}]},{\"@type\":\"WebSite\",\"@id\":\"https:\\\/\\\/www.ncr-iran.org\\\/en\\\/#website\",\"url\":\"https:\\\/\\\/www.ncr-iran.org\\\/en\\\/\",\"name\":\"NCRI\",\"description\":\"Official website of the National Council of Resistance of Iran\",\"publisher\":{\"@id\":\"https:\\\/\\\/www.ncr-iran.org\\\/en\\\/#organization\"},\"potentialAction\":[{\"@type\":\"SearchAction\",\"target\":{\"@type\":\"EntryPoint\",\"urlTemplate\":\"https:\\\/\\\/www.ncr-iran.org\\\/en\\\/?s={search_term_string}\"},\"query-input\":{\"@type\":\"PropertyValueSpecification\",\"valueRequired\":true,\"valueName\":\"search_term_string\"}}],\"inLanguage\":\"en-US\"},{\"@type\":\"Organization\",\"@id\":\"https:\\\/\\\/www.ncr-iran.org\\\/en\\\/#organization\",\"name\":\"Official website of the National Council of Resistance of Iran\",\"alternateName\":\"Official website of the National Council of Resistance of Iran\",\"url\":\"https:\\\/\\\/www.ncr-iran.org\\\/en\\\/\",\"logo\":{\"@type\":\"ImageObject\",\"inLanguage\":\"en-US\",\"@id\":\"https:\\\/\\\/www.ncr-iran.org\\\/en\\\/#\\\/schema\\\/logo\\\/image\\\/\",\"url\":\"https:\\\/\\\/www.ncr-iran.org\\\/en\\\/wp-content\\\/uploads\\\/2020\\\/01\\\/ncri-logo.jpg\",\"contentUrl\":\"https:\\\/\\\/www.ncr-iran.org\\\/en\\\/wp-content\\\/uploads\\\/2020\\\/01\\\/ncri-logo.jpg\",\"width\":402,\"height\":100,\"caption\":\"Official website of the National Council of Resistance of Iran\"},\"image\":{\"@id\":\"https:\\\/\\\/www.ncr-iran.org\\\/en\\\/#\\\/schema\\\/logo\\\/image\\\/\"},\"sameAs\":[\"https:\\\/\\\/x.com\\\/iran_policy\"]},{\"@type\":\"Person\",\"@id\":\"https:\\\/\\\/www.ncr-iran.org\\\/en\\\/#\\\/schema\\\/person\\\/60f6d5cdb0dd68f792e464ca4193477b\",\"name\":\"Staff Writer\",\"image\":{\"@type\":\"ImageObject\",\"inLanguage\":\"en-US\",\"@id\":\"https:\\\/\\\/secure.gravatar.com\\\/avatar\\\/5b91b52a1779d01427069fd70b76db75520e17d3079ed029b64509bdb9c81420?s=96&d=mm&r=g\",\"url\":\"https:\\\/\\\/secure.gravatar.com\\\/avatar\\\/5b91b52a1779d01427069fd70b76db75520e17d3079ed029b64509bdb9c81420?s=96&d=mm&r=g\",\"contentUrl\":\"https:\\\/\\\/secure.gravatar.com\\\/avatar\\\/5b91b52a1779d01427069fd70b76db75520e17d3079ed029b64509bdb9c81420?s=96&d=mm&r=g\",\"caption\":\"Staff Writer\"},\"url\":\"https:\\\/\\\/www.ncr-iran.org\\\/en\\\/author\\\/editor02\\\/\"}]}<\/script>\n<!-- \/ Yoast SEO plugin. -->","yoast_head_json":{"title":"The Mounting Global Support of the Ongoing Anti-regime Iran Protests- Nr. 5\u00a0 - NCRI","description":"The nationwide uprising in Iran that was sparked by the killing of a 22-years-young girl and highlighted the regime's gender apartheid quickly escalated","robots":{"index":"index","follow":"follow","max-snippet":"max-snippet:-1","max-image-preview":"max-image-preview:large","max-video-preview":"max-video-preview:-1"},"canonical":"https:\/\/www.ncr-iran.org\/en\/news\/human-rights\/the-mounting-global-support-of-the-ongoing-anti-regime-iran-protests-nr-5\/","og_locale":"en_US","og_type":"article","og_title":"The Mounting Global Support of the Ongoing Anti-regime Iran Protests- Nr. 5\u00a0 - NCRI","og_description":"The nationwide uprising in Iran that was sparked by the killing of a 22-years-young girl and highlighted the regime's gender apartheid quickly escalated","og_url":"https:\/\/www.ncr-iran.org\/en\/news\/human-rights\/the-mounting-global-support-of-the-ongoing-anti-regime-iran-protests-nr-5\/","og_site_name":"NCRI","article_published_time":"2022-12-09T13:23:05+00:00","article_modified_time":"2023-02-06T21:49:15+00:00","og_image":[{"width":1000,"height":533,"url":"https:\/\/www.ncr-iran.org\/en\/wp-content\/uploads\/2022\/09\/photo_2022-09-20_22-49-47.jpg","type":"image\/jpeg"}],"author":"Staff Writer","twitter_card":"summary_large_image","twitter_creator":"@iran_policy","twitter_site":"@iran_policy","twitter_misc":{"Written by":"Staff Writer","Est. reading time":"7 minutes"},"schema":{"@context":"https:\/\/schema.org","@graph":[{"@type":["Article","BlogPosting"],"@id":"https:\/\/www.ncr-iran.org\/en\/news\/human-rights\/the-mounting-global-support-of-the-ongoing-anti-regime-iran-protests-nr-5\/#article","isPartOf":{"@id":"https:\/\/www.ncr-iran.org\/en\/news\/human-rights\/the-mounting-global-support-of-the-ongoing-anti-regime-iran-protests-nr-5\/"},"author":{"name":"Staff Writer","@id":"https:\/\/www.ncr-iran.org\/en\/#\/schema\/person\/60f6d5cdb0dd68f792e464ca4193477b"},"headline":"The Mounting Global Support of the Ongoing Anti-regime Iran Protests- Nr. 5\u00a0","datePublished":"2022-12-09T13:23:05+00:00","dateModified":"2023-02-06T21:49:15+00:00","mainEntityOfPage":{"@id":"https:\/\/www.ncr-iran.org\/en\/news\/human-rights\/the-mounting-global-support-of-the-ongoing-anti-regime-iran-protests-nr-5\/"},"wordCount":1686,"publisher":{"@id":"https:\/\/www.ncr-iran.org\/en\/#organization"},"image":{"@id":"https:\/\/www.ncr-iran.org\/en\/news\/human-rights\/the-mounting-global-support-of-the-ongoing-anti-regime-iran-protests-nr-5\/#primaryimage"},"thumbnailUrl":"https:\/\/www.ncr-iran.org\/en\/wp-content\/uploads\/2022\/09\/photo_2022-09-20_22-49-47.jpg","keywords":["Iran Protests","Iran Human Rights","Global Support Iran Protests 2022"],"articleSection":["Iran Protests &amp; Demonstrations","Iran Human Rights"],"inLanguage":"en-US"},{"@type":"WebPage","@id":"https:\/\/www.ncr-iran.org\/en\/news\/human-rights\/the-mounting-global-support-of-the-ongoing-anti-regime-iran-protests-nr-5\/","url":"https:\/\/www.ncr-iran.org\/en\/news\/human-rights\/the-mounting-global-support-of-the-ongoing-anti-regime-iran-protests-nr-5\/","name":"The Mounting Global Support of the Ongoing Anti-regime Iran Protests- Nr. 5\u00a0 - NCRI","isPartOf":{"@id":"https:\/\/www.ncr-iran.org\/en\/#website"},"primaryImageOfPage":{"@id":"https:\/\/www.ncr-iran.org\/en\/news\/human-rights\/the-mounting-global-support-of-the-ongoing-anti-regime-iran-protests-nr-5\/#primaryimage"},"image":{"@id":"https:\/\/www.ncr-iran.org\/en\/news\/human-rights\/the-mounting-global-support-of-the-ongoing-anti-regime-iran-protests-nr-5\/#primaryimage"},"thumbnailUrl":"https:\/\/www.ncr-iran.org\/en\/wp-content\/uploads\/2022\/09\/photo_2022-09-20_22-49-47.jpg","datePublished":"2022-12-09T13:23:05+00:00","dateModified":"2023-02-06T21:49:15+00:00","description":"The nationwide uprising in Iran that was sparked by the killing of a 22-years-young girl and highlighted the regime's gender apartheid quickly escalated","breadcrumb":{"@id":"https:\/\/www.ncr-iran.org\/en\/news\/human-rights\/the-mounting-global-support-of-the-ongoing-anti-regime-iran-protests-nr-5\/#breadcrumb"},"inLanguage":"en-US","potentialAction":[{"@type":"ReadAction","target":["https:\/\/www.ncr-iran.org\/en\/news\/human-rights\/the-mounting-global-support-of-the-ongoing-anti-regime-iran-protests-nr-5\/"]}]},{"@type":"ImageObject","inLanguage":"en-US","@id":"https:\/\/www.ncr-iran.org\/en\/news\/human-rights\/the-mounting-global-support-of-the-ongoing-anti-regime-iran-protests-nr-5\/#primaryimage","url":"https:\/\/www.ncr-iran.org\/en\/wp-content\/uploads\/2022\/09\/photo_2022-09-20_22-49-47.jpg","contentUrl":"https:\/\/www.ncr-iran.org\/en\/wp-content\/uploads\/2022\/09\/photo_2022-09-20_22-49-47.jpg","width":1000,"height":533,"caption":"photo_2022-09-20_22-49-47"},{"@type":"BreadcrumbList","@id":"https:\/\/www.ncr-iran.org\/en\/news\/human-rights\/the-mounting-global-support-of-the-ongoing-anti-regime-iran-protests-nr-5\/#breadcrumb","itemListElement":[{"@type":"ListItem","position":1,"name":"Home","item":"https:\/\/www.ncr-iran.org\/en\/"},{"@type":"ListItem","position":2,"name":"The Mounting Global Support of the Ongoing Anti-regime Iran Protests- Nr. 5\u00a0"}]},{"@type":"WebSite","@id":"https:\/\/www.ncr-iran.org\/en\/#website","url":"https:\/\/www.ncr-iran.org\/en\/","name":"NCRI","description":"Official website of the National Council of Resistance of Iran","publisher":{"@id":"https:\/\/www.ncr-iran.org\/en\/#organization"},"potentialAction":[{"@type":"SearchAction","target":{"@type":"EntryPoint","urlTemplate":"https:\/\/www.ncr-iran.org\/en\/?s={search_term_string}"},"query-input":{"@type":"PropertyValueSpecification","valueRequired":true,"valueName":"search_term_string"}}],"inLanguage":"en-US"},{"@type":"Organization","@id":"https:\/\/www.ncr-iran.org\/en\/#organization","name":"Official website of the National Council of Resistance of Iran","alternateName":"Official website of the National Council of Resistance of Iran","url":"https:\/\/www.ncr-iran.org\/en\/","logo":{"@type":"ImageObject","inLanguage":"en-US","@id":"https:\/\/www.ncr-iran.org\/en\/#\/schema\/logo\/image\/","url":"https:\/\/www.ncr-iran.org\/en\/wp-content\/uploads\/2020\/01\/ncri-logo.jpg","contentUrl":"https:\/\/www.ncr-iran.org\/en\/wp-content\/uploads\/2020\/01\/ncri-logo.jpg","width":402,"height":100,"caption":"Official website of the National Council of Resistance of Iran"},"image":{"@id":"https:\/\/www.ncr-iran.org\/en\/#\/schema\/logo\/image\/"},"sameAs":["https:\/\/x.com\/iran_policy"]},{"@type":"Person","@id":"https:\/\/www.ncr-iran.org\/en\/#\/schema\/person\/60f6d5cdb0dd68f792e464ca4193477b","name":"Staff Writer","image":{"@type":"ImageObject","inLanguage":"en-US","@id":"https:\/\/secure.gravatar.com\/avatar\/5b91b52a1779d01427069fd70b76db75520e17d3079ed029b64509bdb9c81420?s=96&d=mm&r=g","url":"https:\/\/secure.gravatar.com\/avatar\/5b91b52a1779d01427069fd70b76db75520e17d3079ed029b64509bdb9c81420?s=96&d=mm&r=g","contentUrl":"https:\/\/secure.gravatar.com\/avatar\/5b91b52a1779d01427069fd70b76db75520e17d3079ed029b64509bdb9c81420?s=96&d=mm&r=g","caption":"Staff Writer"},"url":"https:\/\/www.ncr-iran.org\/en\/author\/editor02\/"}]}},"_links":{"self":[{"href":"https:\/\/www.ncr-iran.org\/en\/wp-json\/wp\/v2\/posts\/267589","targetHints":{"allow":["GET"]}}],"collection":[{"href":"https:\/\/www.ncr-iran.org\/en\/wp-json\/wp\/v2\/posts"}],"about":[{"href":"https:\/\/www.ncr-iran.org\/en\/wp-json\/wp\/v2\/types\/post"}],"author":[{"embeddable":true,"href":"https:\/\/www.ncr-iran.org\/en\/wp-json\/wp\/v2\/users\/46"}],"replies":[{"embeddable":true,"href":"https:\/\/www.ncr-iran.org\/en\/wp-json\/wp\/v2\/comments?post=267589"}],"version-history":[{"count":0,"href":"https:\/\/www.ncr-iran.org\/en\/wp-json\/wp\/v2\/posts\/267589\/revisions"}],"wp:featuredmedia":[{"embeddable":true,"href":"https:\/\/www.ncr-iran.org\/en\/wp-json\/wp\/v2\/media\/264120"}],"wp:attachment":[{"href":"https:\/\/www.ncr-iran.org\/en\/wp-json\/wp\/v2\/media?parent=267589"}],"wp:term":[{"taxonomy":"category","embeddable":true,"href":"https:\/\/www.ncr-iran.org\/en\/wp-json\/wp\/v2\/categories?post=267589"},{"taxonomy":"post_tag","embeddable":true,"href":"https:\/\/www.ncr-iran.org\/en\/wp-json\/wp\/v2\/tags?post=267589"}],"curies":[{"name":"wp","href":"https:\/\/api.w.org\/{rel}","templated":true}]}}