{"id":26852,"date":"2019-11-09T14:28:19","date_gmt":"2019-11-09T14:28:19","guid":{"rendered":"https:\/\/www.ncr-iran.org\/en\/issues\/human-rights\/26852-protesters-in-geneva-call-for-end-to-three-decades-of-impunity-for-iran-regime-s-leaders"},"modified":"2023-01-21T03:06:56","modified_gmt":"2023-01-21T02:06:56","slug":"protesters-in-geneva-call-for-end-to-three-decades-of-impunity-for-iran-regime-s-leaders","status":"publish","type":"post","link":"https:\/\/www.ncr-iran.org\/en\/news\/human-rights\/protesters-in-geneva-call-for-end-to-three-decades-of-impunity-for-iran-regime-s-leaders\/","title":{"rendered":"Protesters in Geneva Call for End to Three Decades of Impunity for Iran Regime\u2019s Leaders"},"content":{"rendered":"<img decoding=\"async\" class=\" size-full wp-image-54366\" src=\"https:\/\/www.ncr-iran.org\/en\/wp-content\/uploads\/sites\/2\/2019\/11\/MEK_supporters_in_Switzerland_demonstrate_outside_the_UN_European_HQ-8_November_2019.jpg\" alt=\"On November 8, 2019, supporters of the People\u2019s Mojahedin Organization of Iran (PMOI\/MEK), staged a demonstration in front of the UN office in Geneva.\" title=\"MEK supporters in Switzerland demonstrate outside the UN European HQ-8, November, 2019\" width=\"800\" height=\"450\" srcset=\"https:\/\/www.ncr-iran.org\/en\/wp-content\/uploads\/2019\/11\/MEK_supporters_in_Switzerland_demonstrate_outside_the_UN_European_HQ-8_November_2019.jpg 800w, https:\/\/www.ncr-iran.org\/en\/wp-content\/uploads\/2019\/11\/MEK_supporters_in_Switzerland_demonstrate_outside_the_UN_European_HQ-8_November_2019-300x169.jpg 300w, https:\/\/www.ncr-iran.org\/en\/wp-content\/uploads\/2019\/11\/MEK_supporters_in_Switzerland_demonstrate_outside_the_UN_European_HQ-8_November_2019-768x432.jpg 768w, https:\/\/www.ncr-iran.org\/en\/wp-content\/uploads\/2019\/11\/MEK_supporters_in_Switzerland_demonstrate_outside_the_UN_European_HQ-8_November_2019-696x392.jpg 696w\" sizes=\"(max-width: 800px) 100vw, 800px\" \/>\n<p>On November 8, 2019, supporters of the main Iranian opposition group  &amp; families of victims  held an exhibition in front of UN, demanding  Regime accountable 4 ,  abuses &amp;  as the regime undergoes    \u00e0 l&#8217;ONU. Les Iraniens ont exhort\u00e9 les pays membres \u00e0 demander des comptes au r\u00e9gime iranien pour le   <a href=\"https:\/\/twitter.com\/lemanbleutv?ref_src=twsrc%5Etfw\">@lemanbleutv<\/a> <a href=\"https:\/\/twitter.com\/LNFlive?ref_src=twsrc%5Etfw\">@LNFlive<\/a> <a href=\"https:\/\/twitter.com\/eric_gf?ref_src=twsrc%5Etfw\">@eric_gf<\/a> <a href=\"https:\/\/twitter.com\/GuiChillier?ref_src=twsrc%5Etfw\">@GuiChillier<\/a> <a href=\"https:\/\/t.co\/ekzRyd6m8q\">pic.twitter.com\/ekzRyd6m8q<\/a><\/p>\n<p> \u2014 csdhi.org (@CSDHI) <a href=\"https:\/\/twitter.com\/CSDHI\/status\/1192796398401589249?ref_src=twsrc%5Etfw\">November 8, 2019<\/a><\/p><\/blockquote>\n<p><span data-contrast=\"auto\">On November 4, 2019, the\u202fU.S.\u202fDepartment of Treasury sanctioned <a href=\"https:\/\/www.ncr-iran.org\/en\/news\/human-rights\/25928-khamenei-appoints-ebrahim-raisi-member-of-death-committee-in-massacre-of-political-prisoners-as-head-of-regimes-judiciary\" target=\"_blank\" rel=\"noopener noreferrer\">Ebrahim <\/a><a href=\"https:\/\/www.ncr-iran.org\/en\/news\/human-rights\/25928-khamenei-appoints-ebrahim-raisi-member-of-death-committee-in-massacre-of-political-prisoners-as-head-of-regimes-judiciary\" target=\"_blank\" rel=\"noopener noreferrer\">Raisi<\/a>. The designation was announced by a Department of Treasury\u2019s <a href=\"https:\/\/home.treasury.gov\/news\/press-releases\/sm824\" target=\"_blank\" rel=\"noopener noreferrer\">Press Release<\/a> reading: \u201cPreviously, as deputy prosecutor general of\u202fTehran, Raisi participated in a so-called &#8220;death commission&#8221; that ordered the extrajudicial executions of thousands of\u202fpolitical\u202fprisoners\u202fin 1988.\u201d\u00a0<\/p>\n<p>The issue was also raised in a special <a href=\"https:\/\/www.state.gov\/special-briefing-via-telephone-with-senior-administration-officials\/\" target=\"_blank\" rel=\"noopener noreferrer\">telephone briefing<\/a> of the Department of State. In the briefing a US Senior Administration Official said:\u00a0<\/p>\n<p>\u201cSpecifically, our actions today target, first and foremost, Ebrahim Raisi.\u202f He is the head of\u202fIran\u2019s\u202fjudiciary and he was appointed by the supreme leader in March of 2019.\u202f When he was deputy prosecutor general of\u202fTehran, Raisi participated in the so-called death commission that ordered the extrajudicial killings of thousands \u2013 I repeat, thousands \u2013 of\u202fpolitical\u202fprisoners\u202fin 1988.\u202f Raisi\u2019s oversight of the judiciary in\u202fIran\u202fperpetuates the country\u2019s record of barbaric\u202fhuman rights\u202fabuses.\u201d\u00a0\u00a0<\/p>\n<p>The demonstrators demanded that the Iranian regime\u2019s officials be tried in international tribunals for their role in crimes against humanity. They also called on the international community to end three decades of impunity for the clerical regime\u2019s leaders. They called for the referral of Iran&#8217;s human rights dossier, particularly the <a href=\"https:\/\/www.ncr-iran.org\/en\/human-rights-issues\" target=\"_blank\" rel=\"noopener noreferrer\">massacre in 1988<\/a>, to the UN Security Council.\u00a0<\/p>\n","protected":false},"excerpt":{"rendered":"<p>On November 8, 2019, supporters of the main Iranian opposition group &amp; families of victims held an exhibition in front of UN, demanding Regime accountable 4 , abuses &amp; as [&#8230;]<\/p>\n","protected":false},"author":19,"featured_media":54366,"comment_status":"open","ping_status":"open","sticky":false,"template":"","format":"standard","meta":{"footnotes":""},"categories":[15],"tags":[178],"class_list":{"0":"post-26852","1":"post","2":"type-post","3":"status-publish","4":"format-standard","5":"has-post-thumbnail","7":"category-human-rights","8":"tag-save"},"yoast_head":"<!-- This site is optimized with the Yoast SEO plugin v27.4 - https:\/\/yoast.com\/product\/yoast-seo-wordpress\/ -->\n<title>Protesters in Geneva Call for End to Three Decades of Impunity for Iran Regime\u2019s Leaders - NCRI<\/title>\n<meta name=\"description\" content=\"On November 8, 2019, supporters of the main Iranian opposition group &amp; families of victims held an exhibition in front of UN, demanding Regime\" \/>\n<meta name=\"robots\" content=\"index, follow, max-snippet:-1, max-image-preview:large, max-video-preview:-1\" \/>\n<link rel=\"canonical\" href=\"https:\/\/www.ncr-iran.org\/en\/news\/human-rights\/protesters-in-geneva-call-for-end-to-three-decades-of-impunity-for-iran-regime-s-leaders\/\" \/>\n<meta property=\"og:locale\" content=\"en_US\" \/>\n<meta property=\"og:type\" content=\"article\" \/>\n<meta property=\"og:title\" content=\"Protesters in Geneva Call for End to Three Decades of Impunity for Iran Regime\u2019s Leaders - NCRI\" \/>\n<meta property=\"og:description\" content=\"On November 8, 2019, supporters of the main Iranian opposition group &amp; families of victims held an exhibition in front of UN, demanding Regime\" \/>\n<meta property=\"og:url\" content=\"https:\/\/www.ncr-iran.org\/en\/news\/human-rights\/protesters-in-geneva-call-for-end-to-three-decades-of-impunity-for-iran-regime-s-leaders\/\" \/>\n<meta property=\"og:site_name\" content=\"NCRI\" \/>\n<meta property=\"article:published_time\" content=\"2019-11-09T14:28:19+00:00\" \/>\n<meta property=\"article:modified_time\" content=\"2023-01-21T02:06:56+00:00\" \/>\n<meta property=\"og:image\" content=\"https:\/\/www.ncr-iran.org\/en\/wp-content\/uploads\/2019\/11\/MEK_supporters_in_Switzerland_demonstrate_outside_the_UN_European_HQ-8_November_2019.jpg\" \/>\n\t<meta property=\"og:image:width\" content=\"800\" \/>\n\t<meta property=\"og:image:height\" content=\"450\" \/>\n\t<meta property=\"og:image:type\" content=\"image\/jpeg\" \/>\n<meta name=\"author\" content=\"Shamsi Saadati\" \/>\n<meta name=\"twitter:card\" content=\"summary_large_image\" \/>\n<meta name=\"twitter:creator\" content=\"@iran_policy\" \/>\n<meta name=\"twitter:site\" content=\"@iran_policy\" \/>\n<meta name=\"twitter:label1\" content=\"Written by\" \/>\n\t<meta name=\"twitter:data1\" content=\"Shamsi Saadati\" \/>\n\t<meta name=\"twitter:label2\" content=\"Est. reading time\" \/>\n\t<meta name=\"twitter:data2\" content=\"1 minute\" \/>\n<script type=\"application\/ld+json\" class=\"yoast-schema-graph\">{\"@context\":\"https:\\\/\\\/schema.org\",\"@graph\":[{\"@type\":[\"Article\",\"BlogPosting\"],\"@id\":\"https:\\\/\\\/www.ncr-iran.org\\\/en\\\/news\\\/human-rights\\\/protesters-in-geneva-call-for-end-to-three-decades-of-impunity-for-iran-regime-s-leaders\\\/#article\",\"isPartOf\":{\"@id\":\"https:\\\/\\\/www.ncr-iran.org\\\/en\\\/news\\\/human-rights\\\/protesters-in-geneva-call-for-end-to-three-decades-of-impunity-for-iran-regime-s-leaders\\\/\"},\"author\":{\"name\":\"Shamsi Saadati\",\"@id\":\"https:\\\/\\\/www.ncr-iran.org\\\/en\\\/#\\\/schema\\\/person\\\/410cc710e9b11fe1e0140afae956d6e6\"},\"headline\":\"Protesters in Geneva Call for End to Three Decades of Impunity for Iran Regime\u2019s Leaders\",\"datePublished\":\"2019-11-09T14:28:19+00:00\",\"dateModified\":\"2023-01-21T02:06:56+00:00\",\"mainEntityOfPage\":{\"@id\":\"https:\\\/\\\/www.ncr-iran.org\\\/en\\\/news\\\/human-rights\\\/protesters-in-geneva-call-for-end-to-three-decades-of-impunity-for-iran-regime-s-leaders\\\/\"},\"wordCount\":305,\"commentCount\":0,\"publisher\":{\"@id\":\"https:\\\/\\\/www.ncr-iran.org\\\/en\\\/#organization\"},\"image\":{\"@id\":\"https:\\\/\\\/www.ncr-iran.org\\\/en\\\/news\\\/human-rights\\\/protesters-in-geneva-call-for-end-to-three-decades-of-impunity-for-iran-regime-s-leaders\\\/#primaryimage\"},\"thumbnailUrl\":\"https:\\\/\\\/www.ncr-iran.org\\\/en\\\/wp-content\\\/uploads\\\/2019\\\/11\\\/MEK_supporters_in_Switzerland_demonstrate_outside_the_UN_European_HQ-8_November_2019.jpg\",\"keywords\":[\"save\"],\"articleSection\":[\"Iran Human Rights\"],\"inLanguage\":\"en-US\",\"potentialAction\":[{\"@type\":\"CommentAction\",\"name\":\"Comment\",\"target\":[\"https:\\\/\\\/www.ncr-iran.org\\\/en\\\/news\\\/human-rights\\\/protesters-in-geneva-call-for-end-to-three-decades-of-impunity-for-iran-regime-s-leaders\\\/#respond\"]}]},{\"@type\":\"WebPage\",\"@id\":\"https:\\\/\\\/www.ncr-iran.org\\\/en\\\/news\\\/human-rights\\\/protesters-in-geneva-call-for-end-to-three-decades-of-impunity-for-iran-regime-s-leaders\\\/\",\"url\":\"https:\\\/\\\/www.ncr-iran.org\\\/en\\\/news\\\/human-rights\\\/protesters-in-geneva-call-for-end-to-three-decades-of-impunity-for-iran-regime-s-leaders\\\/\",\"name\":\"Protesters in Geneva Call for End to Three Decades of Impunity for Iran Regime\u2019s Leaders - NCRI\",\"isPartOf\":{\"@id\":\"https:\\\/\\\/www.ncr-iran.org\\\/en\\\/#website\"},\"primaryImageOfPage\":{\"@id\":\"https:\\\/\\\/www.ncr-iran.org\\\/en\\\/news\\\/human-rights\\\/protesters-in-geneva-call-for-end-to-three-decades-of-impunity-for-iran-regime-s-leaders\\\/#primaryimage\"},\"image\":{\"@id\":\"https:\\\/\\\/www.ncr-iran.org\\\/en\\\/news\\\/human-rights\\\/protesters-in-geneva-call-for-end-to-three-decades-of-impunity-for-iran-regime-s-leaders\\\/#primaryimage\"},\"thumbnailUrl\":\"https:\\\/\\\/www.ncr-iran.org\\\/en\\\/wp-content\\\/uploads\\\/2019\\\/11\\\/MEK_supporters_in_Switzerland_demonstrate_outside_the_UN_European_HQ-8_November_2019.jpg\",\"datePublished\":\"2019-11-09T14:28:19+00:00\",\"dateModified\":\"2023-01-21T02:06:56+00:00\",\"description\":\"On November 8, 2019, supporters of the main Iranian opposition group &amp; families of victims held an exhibition in front of UN, demanding Regime\",\"breadcrumb\":{\"@id\":\"https:\\\/\\\/www.ncr-iran.org\\\/en\\\/news\\\/human-rights\\\/protesters-in-geneva-call-for-end-to-three-decades-of-impunity-for-iran-regime-s-leaders\\\/#breadcrumb\"},\"inLanguage\":\"en-US\",\"potentialAction\":[{\"@type\":\"ReadAction\",\"target\":[\"https:\\\/\\\/www.ncr-iran.org\\\/en\\\/news\\\/human-rights\\\/protesters-in-geneva-call-for-end-to-three-decades-of-impunity-for-iran-regime-s-leaders\\\/\"]}]},{\"@type\":\"ImageObject\",\"inLanguage\":\"en-US\",\"@id\":\"https:\\\/\\\/www.ncr-iran.org\\\/en\\\/news\\\/human-rights\\\/protesters-in-geneva-call-for-end-to-three-decades-of-impunity-for-iran-regime-s-leaders\\\/#primaryimage\",\"url\":\"https:\\\/\\\/www.ncr-iran.org\\\/en\\\/wp-content\\\/uploads\\\/2019\\\/11\\\/MEK_supporters_in_Switzerland_demonstrate_outside_the_UN_European_HQ-8_November_2019.jpg\",\"contentUrl\":\"https:\\\/\\\/www.ncr-iran.org\\\/en\\\/wp-content\\\/uploads\\\/2019\\\/11\\\/MEK_supporters_in_Switzerland_demonstrate_outside_the_UN_European_HQ-8_November_2019.jpg\",\"width\":800,\"height\":450,\"caption\":\"MEK_supporters_in_Switzerland_demonstrate_outside_the_UN_European_HQ-8_November_2019\"},{\"@type\":\"BreadcrumbList\",\"@id\":\"https:\\\/\\\/www.ncr-iran.org\\\/en\\\/news\\\/human-rights\\\/protesters-in-geneva-call-for-end-to-three-decades-of-impunity-for-iran-regime-s-leaders\\\/#breadcrumb\",\"itemListElement\":[{\"@type\":\"ListItem\",\"position\":1,\"name\":\"Home\",\"item\":\"https:\\\/\\\/www.ncr-iran.org\\\/en\\\/\"},{\"@type\":\"ListItem\",\"position\":2,\"name\":\"Protesters in Geneva Call for End to Three Decades of Impunity for Iran Regime\u2019s Leaders\"}]},{\"@type\":\"WebSite\",\"@id\":\"https:\\\/\\\/www.ncr-iran.org\\\/en\\\/#website\",\"url\":\"https:\\\/\\\/www.ncr-iran.org\\\/en\\\/\",\"name\":\"NCRI\",\"description\":\"Official website of the National Council of Resistance of Iran\",\"publisher\":{\"@id\":\"https:\\\/\\\/www.ncr-iran.org\\\/en\\\/#organization\"},\"potentialAction\":[{\"@type\":\"SearchAction\",\"target\":{\"@type\":\"EntryPoint\",\"urlTemplate\":\"https:\\\/\\\/www.ncr-iran.org\\\/en\\\/?s={search_term_string}\"},\"query-input\":{\"@type\":\"PropertyValueSpecification\",\"valueRequired\":true,\"valueName\":\"search_term_string\"}}],\"inLanguage\":\"en-US\"},{\"@type\":\"Organization\",\"@id\":\"https:\\\/\\\/www.ncr-iran.org\\\/en\\\/#organization\",\"name\":\"Official website of the National Council of Resistance of Iran\",\"alternateName\":\"Official website of the National Council of Resistance of Iran\",\"url\":\"https:\\\/\\\/www.ncr-iran.org\\\/en\\\/\",\"logo\":{\"@type\":\"ImageObject\",\"inLanguage\":\"en-US\",\"@id\":\"https:\\\/\\\/www.ncr-iran.org\\\/en\\\/#\\\/schema\\\/logo\\\/image\\\/\",\"url\":\"https:\\\/\\\/www.ncr-iran.org\\\/en\\\/wp-content\\\/uploads\\\/2020\\\/01\\\/ncri-logo.jpg\",\"contentUrl\":\"https:\\\/\\\/www.ncr-iran.org\\\/en\\\/wp-content\\\/uploads\\\/2020\\\/01\\\/ncri-logo.jpg\",\"width\":402,\"height\":100,\"caption\":\"Official website of the National Council of Resistance of Iran\"},\"image\":{\"@id\":\"https:\\\/\\\/www.ncr-iran.org\\\/en\\\/#\\\/schema\\\/logo\\\/image\\\/\"},\"sameAs\":[\"https:\\\/\\\/x.com\\\/iran_policy\"]},{\"@type\":\"Person\",\"@id\":\"https:\\\/\\\/www.ncr-iran.org\\\/en\\\/#\\\/schema\\\/person\\\/410cc710e9b11fe1e0140afae956d6e6\",\"name\":\"Shamsi Saadati\",\"image\":{\"@type\":\"ImageObject\",\"inLanguage\":\"en-US\",\"@id\":\"https:\\\/\\\/secure.gravatar.com\\\/avatar\\\/1ff30655874a9af9b80fd8207e6c14da44bd022c40adc5558e4ace491fd9d19c?s=96&d=mm&r=g\",\"url\":\"https:\\\/\\\/secure.gravatar.com\\\/avatar\\\/1ff30655874a9af9b80fd8207e6c14da44bd022c40adc5558e4ace491fd9d19c?s=96&d=mm&r=g\",\"contentUrl\":\"https:\\\/\\\/secure.gravatar.com\\\/avatar\\\/1ff30655874a9af9b80fd8207e6c14da44bd022c40adc5558e4ace491fd9d19c?s=96&d=mm&r=g\",\"caption\":\"Shamsi Saadati\"},\"description\":\"Shamsi Saadati is a writer, producer, and political correspondent for the National Council of Resistance of Iran. She has also been a member of the Board of Editors for NCRI-Iran.org for the past 10 years.\",\"url\":\"https:\\\/\\\/www.ncr-iran.org\\\/en\\\/author\\\/shamsi-saadati\\\/\"}]}<\/script>\n<!-- \/ Yoast SEO plugin. -->","yoast_head_json":{"title":"Protesters in Geneva Call for End to Three Decades of Impunity for Iran Regime\u2019s Leaders - NCRI","description":"On November 8, 2019, supporters of the main Iranian opposition group &amp; families of victims held an exhibition in front of UN, demanding Regime","robots":{"index":"index","follow":"follow","max-snippet":"max-snippet:-1","max-image-preview":"max-image-preview:large","max-video-preview":"max-video-preview:-1"},"canonical":"https:\/\/www.ncr-iran.org\/en\/news\/human-rights\/protesters-in-geneva-call-for-end-to-three-decades-of-impunity-for-iran-regime-s-leaders\/","og_locale":"en_US","og_type":"article","og_title":"Protesters in Geneva Call for End to Three Decades of Impunity for Iran Regime\u2019s Leaders - NCRI","og_description":"On November 8, 2019, supporters of the main Iranian opposition group &amp; families of victims held an exhibition in front of UN, demanding Regime","og_url":"https:\/\/www.ncr-iran.org\/en\/news\/human-rights\/protesters-in-geneva-call-for-end-to-three-decades-of-impunity-for-iran-regime-s-leaders\/","og_site_name":"NCRI","article_published_time":"2019-11-09T14:28:19+00:00","article_modified_time":"2023-01-21T02:06:56+00:00","og_image":[{"width":800,"height":450,"url":"https:\/\/www.ncr-iran.org\/en\/wp-content\/uploads\/2019\/11\/MEK_supporters_in_Switzerland_demonstrate_outside_the_UN_European_HQ-8_November_2019.jpg","type":"image\/jpeg"}],"author":"Shamsi Saadati","twitter_card":"summary_large_image","twitter_creator":"@iran_policy","twitter_site":"@iran_policy","twitter_misc":{"Written by":"Shamsi Saadati","Est. reading time":"1 minute"},"schema":{"@context":"https:\/\/schema.org","@graph":[{"@type":["Article","BlogPosting"],"@id":"https:\/\/www.ncr-iran.org\/en\/news\/human-rights\/protesters-in-geneva-call-for-end-to-three-decades-of-impunity-for-iran-regime-s-leaders\/#article","isPartOf":{"@id":"https:\/\/www.ncr-iran.org\/en\/news\/human-rights\/protesters-in-geneva-call-for-end-to-three-decades-of-impunity-for-iran-regime-s-leaders\/"},"author":{"name":"Shamsi Saadati","@id":"https:\/\/www.ncr-iran.org\/en\/#\/schema\/person\/410cc710e9b11fe1e0140afae956d6e6"},"headline":"Protesters in Geneva Call for End to Three Decades of Impunity for Iran Regime\u2019s Leaders","datePublished":"2019-11-09T14:28:19+00:00","dateModified":"2023-01-21T02:06:56+00:00","mainEntityOfPage":{"@id":"https:\/\/www.ncr-iran.org\/en\/news\/human-rights\/protesters-in-geneva-call-for-end-to-three-decades-of-impunity-for-iran-regime-s-leaders\/"},"wordCount":305,"commentCount":0,"publisher":{"@id":"https:\/\/www.ncr-iran.org\/en\/#organization"},"image":{"@id":"https:\/\/www.ncr-iran.org\/en\/news\/human-rights\/protesters-in-geneva-call-for-end-to-three-decades-of-impunity-for-iran-regime-s-leaders\/#primaryimage"},"thumbnailUrl":"https:\/\/www.ncr-iran.org\/en\/wp-content\/uploads\/2019\/11\/MEK_supporters_in_Switzerland_demonstrate_outside_the_UN_European_HQ-8_November_2019.jpg","keywords":["save"],"articleSection":["Iran Human Rights"],"inLanguage":"en-US","potentialAction":[{"@type":"CommentAction","name":"Comment","target":["https:\/\/www.ncr-iran.org\/en\/news\/human-rights\/protesters-in-geneva-call-for-end-to-three-decades-of-impunity-for-iran-regime-s-leaders\/#respond"]}]},{"@type":"WebPage","@id":"https:\/\/www.ncr-iran.org\/en\/news\/human-rights\/protesters-in-geneva-call-for-end-to-three-decades-of-impunity-for-iran-regime-s-leaders\/","url":"https:\/\/www.ncr-iran.org\/en\/news\/human-rights\/protesters-in-geneva-call-for-end-to-three-decades-of-impunity-for-iran-regime-s-leaders\/","name":"Protesters in Geneva Call for End to Three Decades of Impunity for Iran Regime\u2019s Leaders - NCRI","isPartOf":{"@id":"https:\/\/www.ncr-iran.org\/en\/#website"},"primaryImageOfPage":{"@id":"https:\/\/www.ncr-iran.org\/en\/news\/human-rights\/protesters-in-geneva-call-for-end-to-three-decades-of-impunity-for-iran-regime-s-leaders\/#primaryimage"},"image":{"@id":"https:\/\/www.ncr-iran.org\/en\/news\/human-rights\/protesters-in-geneva-call-for-end-to-three-decades-of-impunity-for-iran-regime-s-leaders\/#primaryimage"},"thumbnailUrl":"https:\/\/www.ncr-iran.org\/en\/wp-content\/uploads\/2019\/11\/MEK_supporters_in_Switzerland_demonstrate_outside_the_UN_European_HQ-8_November_2019.jpg","datePublished":"2019-11-09T14:28:19+00:00","dateModified":"2023-01-21T02:06:56+00:00","description":"On November 8, 2019, supporters of the main Iranian opposition group &amp; families of victims held an exhibition in front of UN, demanding Regime","breadcrumb":{"@id":"https:\/\/www.ncr-iran.org\/en\/news\/human-rights\/protesters-in-geneva-call-for-end-to-three-decades-of-impunity-for-iran-regime-s-leaders\/#breadcrumb"},"inLanguage":"en-US","potentialAction":[{"@type":"ReadAction","target":["https:\/\/www.ncr-iran.org\/en\/news\/human-rights\/protesters-in-geneva-call-for-end-to-three-decades-of-impunity-for-iran-regime-s-leaders\/"]}]},{"@type":"ImageObject","inLanguage":"en-US","@id":"https:\/\/www.ncr-iran.org\/en\/news\/human-rights\/protesters-in-geneva-call-for-end-to-three-decades-of-impunity-for-iran-regime-s-leaders\/#primaryimage","url":"https:\/\/www.ncr-iran.org\/en\/wp-content\/uploads\/2019\/11\/MEK_supporters_in_Switzerland_demonstrate_outside_the_UN_European_HQ-8_November_2019.jpg","contentUrl":"https:\/\/www.ncr-iran.org\/en\/wp-content\/uploads\/2019\/11\/MEK_supporters_in_Switzerland_demonstrate_outside_the_UN_European_HQ-8_November_2019.jpg","width":800,"height":450,"caption":"MEK_supporters_in_Switzerland_demonstrate_outside_the_UN_European_HQ-8_November_2019"},{"@type":"BreadcrumbList","@id":"https:\/\/www.ncr-iran.org\/en\/news\/human-rights\/protesters-in-geneva-call-for-end-to-three-decades-of-impunity-for-iran-regime-s-leaders\/#breadcrumb","itemListElement":[{"@type":"ListItem","position":1,"name":"Home","item":"https:\/\/www.ncr-iran.org\/en\/"},{"@type":"ListItem","position":2,"name":"Protesters in Geneva Call for End to Three Decades of Impunity for Iran Regime\u2019s Leaders"}]},{"@type":"WebSite","@id":"https:\/\/www.ncr-iran.org\/en\/#website","url":"https:\/\/www.ncr-iran.org\/en\/","name":"NCRI","description":"Official website of the National Council of Resistance of Iran","publisher":{"@id":"https:\/\/www.ncr-iran.org\/en\/#organization"},"potentialAction":[{"@type":"SearchAction","target":{"@type":"EntryPoint","urlTemplate":"https:\/\/www.ncr-iran.org\/en\/?s={search_term_string}"},"query-input":{"@type":"PropertyValueSpecification","valueRequired":true,"valueName":"search_term_string"}}],"inLanguage":"en-US"},{"@type":"Organization","@id":"https:\/\/www.ncr-iran.org\/en\/#organization","name":"Official website of the National Council of Resistance of Iran","alternateName":"Official website of the National Council of Resistance of Iran","url":"https:\/\/www.ncr-iran.org\/en\/","logo":{"@type":"ImageObject","inLanguage":"en-US","@id":"https:\/\/www.ncr-iran.org\/en\/#\/schema\/logo\/image\/","url":"https:\/\/www.ncr-iran.org\/en\/wp-content\/uploads\/2020\/01\/ncri-logo.jpg","contentUrl":"https:\/\/www.ncr-iran.org\/en\/wp-content\/uploads\/2020\/01\/ncri-logo.jpg","width":402,"height":100,"caption":"Official website of the National Council of Resistance of Iran"},"image":{"@id":"https:\/\/www.ncr-iran.org\/en\/#\/schema\/logo\/image\/"},"sameAs":["https:\/\/x.com\/iran_policy"]},{"@type":"Person","@id":"https:\/\/www.ncr-iran.org\/en\/#\/schema\/person\/410cc710e9b11fe1e0140afae956d6e6","name":"Shamsi Saadati","image":{"@type":"ImageObject","inLanguage":"en-US","@id":"https:\/\/secure.gravatar.com\/avatar\/1ff30655874a9af9b80fd8207e6c14da44bd022c40adc5558e4ace491fd9d19c?s=96&d=mm&r=g","url":"https:\/\/secure.gravatar.com\/avatar\/1ff30655874a9af9b80fd8207e6c14da44bd022c40adc5558e4ace491fd9d19c?s=96&d=mm&r=g","contentUrl":"https:\/\/secure.gravatar.com\/avatar\/1ff30655874a9af9b80fd8207e6c14da44bd022c40adc5558e4ace491fd9d19c?s=96&d=mm&r=g","caption":"Shamsi Saadati"},"description":"Shamsi Saadati is a writer, producer, and political correspondent for the National Council of Resistance of Iran. She has also been a member of the Board of Editors for NCRI-Iran.org for the past 10 years.","url":"https:\/\/www.ncr-iran.org\/en\/author\/shamsi-saadati\/"}]}},"_links":{"self":[{"href":"https:\/\/www.ncr-iran.org\/en\/wp-json\/wp\/v2\/posts\/26852","targetHints":{"allow":["GET"]}}],"collection":[{"href":"https:\/\/www.ncr-iran.org\/en\/wp-json\/wp\/v2\/posts"}],"about":[{"href":"https:\/\/www.ncr-iran.org\/en\/wp-json\/wp\/v2\/types\/post"}],"author":[{"embeddable":true,"href":"https:\/\/www.ncr-iran.org\/en\/wp-json\/wp\/v2\/users\/19"}],"replies":[{"embeddable":true,"href":"https:\/\/www.ncr-iran.org\/en\/wp-json\/wp\/v2\/comments?post=26852"}],"version-history":[{"count":0,"href":"https:\/\/www.ncr-iran.org\/en\/wp-json\/wp\/v2\/posts\/26852\/revisions"}],"wp:featuredmedia":[{"embeddable":true,"href":"https:\/\/www.ncr-iran.org\/en\/wp-json\/wp\/v2\/media\/54366"}],"wp:attachment":[{"href":"https:\/\/www.ncr-iran.org\/en\/wp-json\/wp\/v2\/media?parent=26852"}],"wp:term":[{"taxonomy":"category","embeddable":true,"href":"https:\/\/www.ncr-iran.org\/en\/wp-json\/wp\/v2\/categories?post=26852"},{"taxonomy":"post_tag","embeddable":true,"href":"https:\/\/www.ncr-iran.org\/en\/wp-json\/wp\/v2\/tags?post=26852"}],"curies":[{"name":"wp","href":"https:\/\/api.w.org\/{rel}","templated":true}]}}