{"id":318719,"date":"2024-04-25T13:52:14","date_gmt":"2024-04-25T12:52:14","guid":{"rendered":"https:\/\/www.ncr-iran.org\/en\/?p=318719"},"modified":"2024-04-26T11:44:15","modified_gmt":"2024-04-26T10:44:15","slug":"eu-lawmakers-push-for-irgc-terror-listing-condemn-iranian-regimes-aggression","status":"publish","type":"post","link":"https:\/\/www.ncr-iran.org\/en\/news\/terrorism-a-fundamentalism\/eu-lawmakers-push-for-irgc-terror-listing-condemn-iranian-regimes-aggression\/","title":{"rendered":"EU Lawmakers Push for IRGC Terror Listing, Condemn Iranian Regime&#8217;s Aggression"},"content":{"rendered":"<p style=\"text-align: justify;\"><img decoding=\"async\" class=\"alignnone wp-image-291705\" src=\"https:\/\/www.ncr-iran.org\/en\/wp-content\/uploads\/2023\/01\/eu-parliament-voting.jpg\" alt=\"eu parliament voting\" width=\"1000\" height=\"567\" srcset=\"https:\/\/www.ncr-iran.org\/en\/wp-content\/uploads\/2023\/01\/eu-parliament-voting.jpg 970w, https:\/\/www.ncr-iran.org\/en\/wp-content\/uploads\/2023\/01\/eu-parliament-voting-300x170.jpg 300w, https:\/\/www.ncr-iran.org\/en\/wp-content\/uploads\/2023\/01\/eu-parliament-voting-768x435.jpg 768w, https:\/\/www.ncr-iran.org\/en\/wp-content\/uploads\/2023\/01\/eu-parliament-voting-150x85.jpg 150w, https:\/\/www.ncr-iran.org\/en\/wp-content\/uploads\/2023\/01\/eu-parliament-voting-696x395.jpg 696w\" sizes=\"(max-width: 1000px) 100vw, 1000px\" \/><\/p>\n<p>On Thursday, the European Parliament adopted a resolution calling for the Iranian Islamic Revolutionary Guards Corps (IRGC) to be included on the list of designated terrorist organizations. The motion garnered 357 votes in favor, 20 against, and 58 abstentions in Strasbourg&#8217;s plenary chamber.<\/p>\n<p>A day earlier, on April 24, The European Parliament held a formal session, where members discussed the urgent need to adopt a resolution condemning the warmongering regime in Iran and designating the Islamic Revolutionary Guard Corps (IRGC) as a terrorist organization.<\/p>\n<p style=\"text-align: justify;\">The session was attended by Josep Borrell, the High Representative of the European Union for Foreign Affairs and Security Policy.<\/p>\n<p style=\"text-align: justify;\">During the session, several members of the European Parliament expressed their strong condemnation of the Iranian regime&#8217;s actions, describing it as the &#8220;head of the snake of war and terror&#8221; in the region and a &#8220;global threat.&#8221;<\/p>\n<p style=\"text-align: justify;\">Some MEPs called for the European Union to take decisive action, including listing the IRGC as a terrorist organization and recognizing the democratic opposition led by Mrs. Maryam Rajavi, President-elect of the National Council of Resistance, and <a href=\"https:\/\/www.ncr-iran.org\/en\/maryam-rajavis-ten-point-plan-for-future-iran\/\">her Ten-Point Plan<\/a>.<\/p>\n<blockquote class=\"twitter-tweet\" data-width=\"550\" data-dnt=\"true\">\n<p lang=\"en\" dir=\"ltr\">\ud83d\udce3 &quot;The Iranian regime is the head of the snake that playing an active part in two wars disrupting European peace right now. The <a href=\"https:\/\/twitter.com\/Europarl_EN?ref_src=twsrc%5Etfw\">@Europarl_EN<\/a> must immediately put the <a href=\"https:\/\/twitter.com\/hashtag\/IRGC?src=hash&amp;ref_src=twsrc%5Etfw\">#IRGC<\/a> on its terrorist list.&quot;<\/p>\n<p>\ud83d\udde3\ufe0f <a href=\"https:\/\/twitter.com\/r_czarnecki?ref_src=twsrc%5Etfw\">@r_czarnecki<\/a> MEP in <a href=\"https:\/\/twitter.com\/hashtag\/EPlenary?src=hash&amp;ref_src=twsrc%5Etfw\">#EPlenary<\/a> <a href=\"https:\/\/twitter.com\/EP_ForeignAff?ref_src=twsrc%5Etfw\">@EP_ForeignAff<\/a> <a href=\"https:\/\/t.co\/10So0tEVQv\">pic.twitter.com\/10So0tEVQv<\/a><\/p>\n<p>&mdash; ECR Group (@ecrgroup) <a href=\"https:\/\/twitter.com\/ecrgroup\/status\/1783064743378317320?ref_src=twsrc%5Etfw\">April 24, 2024<\/a><\/p><\/blockquote>\n<p><script async src=\"https:\/\/platform.twitter.com\/widgets.js\" charset=\"utf-8\"><\/script><\/p>\n<p style=\"text-align: justify;\">During the debate, <strong>Guy Verhofstadt<\/strong>, a Member of the European Parliament from Belgium and former Prime Minister, expressed dissatisfaction with the current strategy towards Iran. He addressed the High Representative, Mr. Borrell, stating that this was his fourth debate on Iran with the same conclusion: the current strategy is ineffective.<\/p>\n<p style=\"text-align: justify;\">MEP Verhofstadt called for a change in approach, criticizing the emphasis on diplomacy and appeasement, which he argued has yielded no results. He questioned the effectiveness of the sanctions imposed so far, suggesting they were insufficient.<\/p>\n<p style=\"text-align: justify;\">MEP Verhofstadt urged for stronger sanctions targeting Iran&#8217;s leadership and advocated for recognizing the IRGC as a terrorist organization. Directly addressing Mr. Borrell, the former Belgian PM concluded, \u201cDon&#8217;t start to continue with diplomacy towards the regime. It&#8217;s time to recognize the opposition and to have direct contact with them. They are the real representatives of the Iranian people.\u201d<\/p>\n<blockquote class=\"twitter-tweet\" data-width=\"550\" data-dnt=\"true\">\n<p lang=\"en\" dir=\"ltr\">Appeasement with Iran is useless, we need:<br \/>\u2714\ufe0f real sanctions against the leadership<br \/>\u2714\ufe0f recognise Revolutionary Guard as terrorist organisation<br \/>\u2714\ufe0f reach out to opposition as real representatives of Iranian people <\/p>\n<p>\u270a\ud83c\udffb <a href=\"https:\/\/t.co\/GO0HYfU6FQ\">pic.twitter.com\/GO0HYfU6FQ<\/a><\/p>\n<p>&mdash; Guy Verhofstadt (@guyverhofstadt) <a href=\"https:\/\/twitter.com\/guyverhofstadt\/status\/1783075943826825621?ref_src=twsrc%5Etfw\">April 24, 2024<\/a><\/p><\/blockquote>\n<p><script async src=\"https:\/\/platform.twitter.com\/widgets.js\" charset=\"utf-8\"><\/script><\/p>\n<p style=\"text-align: justify;\">In his remarks, Spanish MEP <strong>Javier Zarzalejos<\/strong>\u00a0emphasized the Iranian regime&#8217;s role in promoting aggression in the region. He pointed out Iran&#8217;s direct attacks on Israel and highlighted the involvement of its proxies, including Hamas, Hezbollah, and the Houthis.<\/p>\n<p style=\"text-align: justify;\">MEP Zarzalejos characterized Tehran as a global threat actively engaged in various conflicts, not limited to the Middle East but also extending to Ukraine. He criticized the notion that sanctions alone constitute a sufficient policy response, stressing the need for the regime to face consequences for its failure to fulfill obligations. He also expressed concerns about Iran&#8217;s theocratic regime, which relies on violent repression and terrorist activities, and warned of its potential nuclear capabilities.<\/p>\n<p style=\"text-align: justify;\">In the end, MEP Zarzalejos said, \u201cThe Iranian people, the struggle of women, democratic opposition demonized by the theocratic regime in Tehran, all of these people and all of these organizations require the recognition and the support of the European Union for an Iran of peace and security in the future.\u201d<\/p>\n<blockquote class=\"twitter-tweet\" data-width=\"550\" data-dnt=\"true\">\n<p lang=\"es\" dir=\"ltr\">Hoy en el debate sobre la escalada de <a href=\"https:\/\/twitter.com\/hashtag\/Ir%C3%A1n?src=hash&amp;ref_src=twsrc%5Etfw\">#Ir\u00e1n<\/a> contra <a href=\"https:\/\/twitter.com\/hashtag\/Israel?src=hash&amp;ref_src=twsrc%5Etfw\">#Israel<\/a>. <a href=\"https:\/\/t.co\/tw51UTOhFL\">pic.twitter.com\/tw51UTOhFL<\/a><\/p>\n<p>&mdash; F. Javier Zarzalejos Nieto (@FZarzalejos) <a href=\"https:\/\/twitter.com\/FZarzalejos\/status\/1783094191993540679?ref_src=twsrc%5Etfw\">April 24, 2024<\/a><\/p><\/blockquote>\n<p><script async src=\"https:\/\/platform.twitter.com\/widgets.js\" charset=\"utf-8\"><\/script><\/p>\n<p style=\"text-align: justify;\"><strong>Ryszard Czarnecki,<\/strong> a Polish Member of the European Parliament, emphasized the analysis provided by the Iranian Resistance over four decades, asserting that the Iranian regime is the primary instigator of conflict and war.<\/p>\n<p style=\"text-align: justify;\">MEP Czarnecki pointed out the regime&#8217;s active involvement in two major conflicts threatening European peace and stability: providing drones and missiles to kill Ukrainians and instigating the war in Gaza, resulting in numerous casualties. He called for decisive action, urging the European Union to immediately designate the IRGC as a terrorist organization.<\/p>\n<p style=\"text-align: justify;\">The Polish MEP concluded, \u201cIt&#8217;s high time to make Khamenei, the head of that snake, pay the price for making these wars. The European Union must immediately put IRGC on its terrorist list. We need to support the <a href=\"https:\/\/english.mojahedin.org\/article\/mek-resistance-units-and-the-power-of-irans-democratic-alternative\/\" target=\"_blank\" rel=\"noopener\">PMOI Resistance Units<\/a> inside Iran and recognize their right to fight against the regime.\u201d<\/p>\n<blockquote class=\"twitter-tweet\" data-width=\"550\" data-dnt=\"true\">\n<p lang=\"zxx\" dir=\"ltr\"><a href=\"https:\/\/t.co\/87zsd9pk3K\">pic.twitter.com\/87zsd9pk3K<\/a><\/p>\n<p>&mdash; Ryszard Czarnecki (@r_czarnecki) <a href=\"https:\/\/twitter.com\/r_czarnecki\/status\/1783106112348152026?ref_src=twsrc%5Etfw\">April 24, 2024<\/a><\/p><\/blockquote>\n<p><script async src=\"https:\/\/platform.twitter.com\/widgets.js\" charset=\"utf-8\"><\/script><\/p>\n<p style=\"text-align: justify;\"><strong>Hermann Tertsch<\/strong>, a Member of the European Parliament from Spain, voiced concerns about the position of Mr. Borrell regarding the Iranian regime. He highlighted a tweet from five years prior, in which Borrell had praised the 40th anniversary of the clerical dictatorship, failing to criticize the regime&#8217;s human rights abuses and aggressive actions.<\/p>\n<p style=\"text-align: justify;\">MEP Tertsch criticized Borrell&#8217;s lack of condemnation for a regime responsible for the deaths of thousands of Iranian citizens and viewed Iran as a significant threat to the Middle East region.<\/p>\n<blockquote class=\"twitter-tweet\" data-width=\"550\" data-dnt=\"true\">\n<p lang=\"es\" dir=\"ltr\">Hermann Tertsch denuncia en el Parlamento Europeo la complicidad pol\u00edtica de Borrell con los terroristas de Ham\u00e1s y con Ir\u00e1n <a href=\"https:\/\/t.co\/aB6kNI5zsr\">https:\/\/t.co\/aB6kNI5zsr<\/a> v\u00eda <a href=\"https:\/\/twitter.com\/gaceta_es?ref_src=twsrc%5Etfw\">@gaceta_es<\/a><\/p>\n<p>&mdash; Hermann Tertsch (@hermanntertsch) <a href=\"https:\/\/twitter.com\/hermanntertsch\/status\/1783102156725244269?ref_src=twsrc%5Etfw\">April 24, 2024<\/a><\/p><\/blockquote>\n<p><script async src=\"https:\/\/platform.twitter.com\/widgets.js\" charset=\"utf-8\"><\/script><\/p>\n<p style=\"text-align: justify;\">Representing Portugal in the European Parliament, <strong>Francisco Guerreiro<\/strong> highlighted the coup d&#8217;\u00e9tat in Iran in 1953, which eventually led to the clerical regime and contributed to the current situation.<\/p>\n<p style=\"text-align: justify;\">MEP Guerreiro said, \u201cWe have to support, of course, democratic forces in Iran which are calling for change. They want for a secular regime to be put in power, and we have to work for peace, in the direction of a peace process, a peace process in the Middle East which will culminate in a two-state solution.\u201d<\/p>\n<p style=\"text-align: justify;\"><strong>Milan Zver<\/strong>, a Member of the European Parliament from Slovenia, expressed criticism towards Mr. Borrell, highlighting his failure to unequivocally support the Iranian opposition led by Mrs. Maryam Rajavi and <a href=\"https:\/\/www.ncr-iran.org\/en\/maryam-rajavis-ten-point-plan-for-future-iran\/\">her Ten-Point Plan<\/a>. Zver also noted Borrell&#8217;s lack of support for European Parliament members who have been labeled as terrorists by the Iranian regime. Zver voiced his support for designating the IRGC as a terrorist organization.<\/p>\n<blockquote class=\"twitter-tweet\" data-width=\"550\" data-dnt=\"true\">\n<p lang=\"sl\" dir=\"ltr\">\u274c Gospod <a href=\"https:\/\/twitter.com\/JosepBorrellF?ref_src=twsrc%5Etfw\">@JosepBorrellF<\/a>, nikoli se niste postavili za iransko opozicijo, ki jo vodi <a href=\"https:\/\/twitter.com\/Maryam_Rajavi?ref_src=twsrc%5Etfw\">@Maryam_Rajavi<\/a>, in njen program v desetih to\u010dkah.<\/p>\n<p>\u274c Gospod <a href=\"https:\/\/twitter.com\/JosepBorrellF?ref_src=twsrc%5Etfw\">@JosepBorrellF<\/a>,\u00a0nikoli se niste postavili za nas, ki smo pristali na \u010drni listi iranskega re\u017eima kot teroristi. Nekaj \u010dlanov\u2026 <a href=\"https:\/\/t.co\/6VJ4xEkBKG\">pic.twitter.com\/6VJ4xEkBKG<\/a><\/p>\n<p>&mdash; Milan Zver (@MilanZver) <a href=\"https:\/\/twitter.com\/MilanZver\/status\/1783059390410477568?ref_src=twsrc%5Etfw\">April 24, 2024<\/a><\/p><\/blockquote>\n<p><script async src=\"https:\/\/platform.twitter.com\/widgets.js\" charset=\"utf-8\"><\/script><\/p>\n<p style=\"text-align: justify;\"><strong>Antonio L\u00f3pez-Ist\u00fariz White<\/strong>, representing Spain, dismissed the notion that diplomatic engagement and sanctions relief would deter Iran&#8217;s threats, asserting that Iran remains a significant menace.<\/p>\n<p style=\"text-align: justify;\">MEP L\u00f3pez-Ist\u00fariz White said, \u201cGone are the days when some naive politicians in Europe and America thought that they could sit down with the Ayatollahs, lift some sanctions, and think that the Iranian regime would no longer pose a threat to us.\u201d<\/p>\n<p style=\"text-align: justify;\">He highlighted Tehran&#8217;s role in supplying weapons to Russia, its sanctioning of European Parliament members, and its involvement in assassinations on European soil, citing the case of former EP Vice President Dr. Alejo Vidal-Quadras. He condemned the regime&#8217;s brutal suppression of peaceful protests and its support for terrorist organizations across various regions.<\/p>\n<p style=\"text-align: justify;\">Mr. L\u00f3pez-Ist\u00fariz White called for legalizing the designation of the IRGC as a terrorist organization and urged a united front against the Iranian regime&#8217;s threats.<\/p>\n<p style=\"text-align: justify;\"><strong>David McAllister,<\/strong> Chair of the Foreign Affairs Committee of the European Parliament, cautioned about the recent actions of the Iranian regime, emphasizing that two weeks prior, the Iranian regime had emerged from the shadow of proxies, posing a risk of war to the entire region. McAllister described the Iranian regime as a terrorist entity and stressed that the IRGC has not yet been designated as a terrorist organization, stating that this is something that must be done immediately.<\/p>\n<blockquote class=\"twitter-tweet\" data-width=\"550\" data-dnt=\"true\">\n<p lang=\"en\" dir=\"ltr\">\u201cA new era has begun in the Middle East as Iran has finally stepped out from the shadows of its proxies,\u201d says MEP <a href=\"https:\/\/twitter.com\/davidmcallister?ref_src=twsrc%5Etfw\">@davidmcallister<\/a> during the <a href=\"https:\/\/twitter.com\/hashtag\/EPlenary?src=hash&amp;ref_src=twsrc%5Etfw\">#EPlenary<\/a>.<\/p>\n<p>We must finally adopt an <a href=\"https:\/\/twitter.com\/hashtag\/Iran?src=hash&amp;ref_src=twsrc%5Etfw\">#Iran<\/a> policy that treats the regime in Iran for what it is &#8211; a mastermind of terror. <\/p>\n<p>\u2b07\ufe0f <a href=\"https:\/\/t.co\/9soo1KHQTV\">pic.twitter.com\/9soo1KHQTV<\/a><\/p>\n<p>&mdash; EPP Group (@EPPGroup) <a href=\"https:\/\/twitter.com\/EPPGroup\/status\/1783148899856712160?ref_src=twsrc%5Etfw\">April 24, 2024<\/a><\/p><\/blockquote>\n<p><script async src=\"https:\/\/platform.twitter.com\/widgets.js\" charset=\"utf-8\"><\/script><\/p>\n<p style=\"text-align: justify;\">During the debate, Italian MEP <strong>Marco Campomenosi<\/strong> addressed the ongoing conflict in the Middle East and the role of the Iranian regime in exacerbating tensions. He highlighted the repeated calls from the Parliament to designate the IRGC as terrorists, a measure that the European Commission has thus far refused to implement.<\/p>\n<p style=\"text-align: justify;\">The Italian MEP urged a deeper understanding of the root causes of the conflict, emphasizing, \u201cThere&#8217;s somebody in the area whose interest it is to destabilize and to extend the conflict, because the first objective of the Iranian regime is to distract the part of the population which still supports it from repression, the repression of youth, of young men and women who have tried with courage to oppose it.\u201d<\/p>\n<p style=\"text-align: justify;\">He also pointed out the regime\u2019s role in sectarian clashes between Shias and Sunnis, as well as the Iranian regime&#8217;s influence on various groups in the region, including the Iraqi Kurds. He condemned the regime&#8217;s violence against Muslims, despite its claims to support Palestinian interests.<\/p>\n<blockquote class=\"twitter-tweet\" data-width=\"550\" data-dnt=\"true\">\n<p lang=\"en\" dir=\"ltr\">Together with the entire <a href=\"https:\/\/twitter.com\/hashtag\/EuropeanParliament?src=hash&amp;ref_src=twsrc%5Etfw\">#EuropeanParliament<\/a> we wish a quick recovery to my dear friend <a href=\"https:\/\/twitter.com\/VidalQuadras?ref_src=twsrc%5Etfw\">@VidalQuadras<\/a>.<br \/>Glad my amendment mentioning the injustice done to him was supported by a large majority in the EP. <a href=\"https:\/\/t.co\/1L4l4d7WF6\">pic.twitter.com\/1L4l4d7WF6<\/a><\/p>\n<p>&mdash; Anna Fotyga (@AnnaFotyga_PE) <a href=\"https:\/\/twitter.com\/AnnaFotyga_PE\/status\/1783523229774057940?ref_src=twsrc%5Etfw\">April 25, 2024<\/a><\/p><\/blockquote>\n<p><script async src=\"https:\/\/platform.twitter.com\/widgets.js\" charset=\"utf-8\"><\/script><\/p>\n<p style=\"text-align: justify;\"><strong>Lukas Mandl<\/strong>, a Member of the European Parliament from Austria, pointed out that Tehran&#8217;s aggression is not limited to using proxies like Hamas, Hezbollah, and the Houthis but extends to financing terrorism and Islamist activities within Europe. He criticized the delay in designating the IRGC as a terrorist organization despite the European Parliament&#8217;s overwhelming vote in favor of such action in January of the previous year.<\/p>\n<p style=\"text-align: justify;\">MEP Mandl expressed disappointment with the current High Representative&#8217;s failure to act decisively in this regard. He emphasized the need for a change in policies to prioritize European security and solidarity with allies.<\/p>\n<blockquote class=\"twitter-tweet\" data-width=\"550\" data-dnt=\"true\">\n<p lang=\"en\" dir=\"ltr\">\u201cThe Iranian regime is not only a threat to democracy in the Middle East, but also a threat to European democracy,\u201d says MEP <a href=\"https:\/\/twitter.com\/lukasmandl?ref_src=twsrc%5Etfw\">@lukasmandl<\/a> during the <a href=\"https:\/\/twitter.com\/hashtag\/EPlenary?src=hash&amp;ref_src=twsrc%5Etfw\">#EPlenary<\/a>. <\/p>\n<p>We must defend Europe\u2019s security. <\/p>\n<p>Watch \u2b07\ufe0f <a href=\"https:\/\/twitter.com\/hashtag\/Iran?src=hash&amp;ref_src=twsrc%5Etfw\">#Iran<\/a> <a href=\"https:\/\/t.co\/KADzmSsVWB\">pic.twitter.com\/KADzmSsVWB<\/a><\/p>\n<p>&mdash; EPP Group (@EPPGroup) <a href=\"https:\/\/twitter.com\/EPPGroup\/status\/1783194194162393339?ref_src=twsrc%5Etfw\">April 24, 2024<\/a><\/p><\/blockquote>\n<p><script async src=\"https:\/\/platform.twitter.com\/widgets.js\" charset=\"utf-8\"><\/script><\/p>\n<p style=\"text-align: justify;\"><strong>Andrey Kovatchev<\/strong>, a Member of the European Parliament from Bulgaria, highlighted the Iranian regime&#8217;s role in destabilizing the Middle East and the Black Sea region during a recent parliamentary session. MEP Kovatchev also addressed the issue of threats to navigation in the Black Sea and emphasized the plight of the crew of the Galaxy Leader, who have been held hostage by the Houthis for about six months.<\/p>\n<p style=\"text-align: justify;\">He urged action from Mr. Borrell to secure the release of these European citizens and emphasized the need to designate the IRGC as a terrorist organization in Bulgaria and impose sanctions on it.<\/p>\n<blockquote class=\"twitter-tweet\" data-width=\"550\" data-dnt=\"true\">\n<p lang=\"en\" dir=\"ltr\">Strong speech by senior Slovenian MEP <a href=\"https:\/\/twitter.com\/MilanZver?ref_src=twsrc%5Etfw\">@MilanZver<\/a> in the European Parliament today. He strongly criticised the appeasement policy of the EU and Josep Borrell and expressed his support for the Iranian opposition leader Maryam Rajavi and her 10-point plan.<br \/>This is what he said:<br \/>Mr\u2026 <a href=\"https:\/\/t.co\/xWjjnFhVpP\">https:\/\/t.co\/xWjjnFhVpP<\/a><\/p>\n<p>&mdash; Firouz Mahvi (@FirouzMahvi) <a href=\"https:\/\/twitter.com\/FirouzMahvi\/status\/1783095920629805167?ref_src=twsrc%5Etfw\">April 24, 2024<\/a><\/p><\/blockquote>\n<p><script async src=\"https:\/\/platform.twitter.com\/widgets.js\" charset=\"utf-8\"><\/script><\/p>\n","protected":false},"excerpt":{"rendered":"<p>On Thursday, the European Parliament adopted a resolution calling for the Iranian Islamic Revolutionary Guards Corps (IRGC) to be included on the list of designated terrorist organizations. The motion garnered [&#8230;]<\/p>\n","protected":false},"author":69,"featured_media":291705,"comment_status":"closed","ping_status":"closed","sticky":false,"template":"","format":"standard","meta":{"footnotes":""},"categories":[19],"tags":[205,287],"class_list":{"0":"post-318719","1":"post","2":"type-post","3":"status-publish","4":"format-standard","5":"has-post-thumbnail","7":"category-terrorism-a-fundamentalism","8":"tag-irgc","9":"tag-iran-terrorism"},"yoast_head":"<!-- This site is optimized with the Yoast SEO plugin v27.4 - https:\/\/yoast.com\/product\/yoast-seo-wordpress\/ -->\n<title>EU Lawmakers Push for IRGC Terror Listing, Condemn Iranian Regime&#039;s Aggression - NCRI<\/title>\n<meta name=\"description\" content=\"On Thursday, the European Parliament adopted a resolution calling for the Iranian Islamic Revolutionary Guards Corps (IRGC) to be included on the list of\" \/>\n<meta name=\"robots\" content=\"index, follow, max-snippet:-1, max-image-preview:large, max-video-preview:-1\" \/>\n<link rel=\"canonical\" href=\"https:\/\/www.ncr-iran.org\/en\/news\/terrorism-a-fundamentalism\/eu-lawmakers-push-for-irgc-terror-listing-condemn-iranian-regimes-aggression\/\" \/>\n<meta property=\"og:locale\" content=\"en_US\" \/>\n<meta property=\"og:type\" content=\"article\" \/>\n<meta property=\"og:title\" content=\"EU Lawmakers Push for IRGC Terror Listing, Condemn Iranian Regime&#039;s Aggression - NCRI\" \/>\n<meta property=\"og:description\" content=\"On Thursday, the European Parliament adopted a resolution calling for the Iranian Islamic Revolutionary Guards Corps (IRGC) to be included on the list of\" \/>\n<meta property=\"og:url\" content=\"https:\/\/www.ncr-iran.org\/en\/news\/terrorism-a-fundamentalism\/eu-lawmakers-push-for-irgc-terror-listing-condemn-iranian-regimes-aggression\/\" \/>\n<meta property=\"og:site_name\" content=\"NCRI\" \/>\n<meta property=\"article:published_time\" content=\"2024-04-25T12:52:14+00:00\" \/>\n<meta property=\"article:modified_time\" content=\"2024-04-26T10:44:15+00:00\" \/>\n<meta property=\"og:image\" content=\"https:\/\/www.ncr-iran.org\/en\/wp-content\/uploads\/2023\/01\/eu-parliament-voting.jpg\" \/>\n\t<meta property=\"og:image:width\" content=\"970\" \/>\n\t<meta property=\"og:image:height\" content=\"550\" \/>\n\t<meta property=\"og:image:type\" content=\"image\/jpeg\" \/>\n<meta name=\"author\" content=\"Mehdi Oghbai\" \/>\n<meta name=\"twitter:card\" content=\"summary_large_image\" \/>\n<meta name=\"twitter:creator\" content=\"@iran_policy\" \/>\n<meta name=\"twitter:site\" content=\"@iran_policy\" \/>\n<meta name=\"twitter:label1\" content=\"Written by\" \/>\n\t<meta name=\"twitter:data1\" content=\"Mehdi Oghbai\" \/>\n\t<meta name=\"twitter:label2\" content=\"Est. reading time\" \/>\n\t<meta name=\"twitter:data2\" content=\"7 minutes\" \/>\n<script type=\"application\/ld+json\" class=\"yoast-schema-graph\">{\"@context\":\"https:\\\/\\\/schema.org\",\"@graph\":[{\"@type\":[\"Article\",\"BlogPosting\"],\"@id\":\"https:\\\/\\\/www.ncr-iran.org\\\/en\\\/news\\\/terrorism-a-fundamentalism\\\/eu-lawmakers-push-for-irgc-terror-listing-condemn-iranian-regimes-aggression\\\/#article\",\"isPartOf\":{\"@id\":\"https:\\\/\\\/www.ncr-iran.org\\\/en\\\/news\\\/terrorism-a-fundamentalism\\\/eu-lawmakers-push-for-irgc-terror-listing-condemn-iranian-regimes-aggression\\\/\"},\"author\":{\"name\":\"Mehdi Oghbai\",\"@id\":\"https:\\\/\\\/www.ncr-iran.org\\\/en\\\/#\\\/schema\\\/person\\\/6d974b7886275a3c3558a2c153cd9953\"},\"headline\":\"EU Lawmakers Push for IRGC Terror Listing, Condemn Iranian Regime&#8217;s Aggression\",\"datePublished\":\"2024-04-25T12:52:14+00:00\",\"dateModified\":\"2024-04-26T10:44:15+00:00\",\"mainEntityOfPage\":{\"@id\":\"https:\\\/\\\/www.ncr-iran.org\\\/en\\\/news\\\/terrorism-a-fundamentalism\\\/eu-lawmakers-push-for-irgc-terror-listing-condemn-iranian-regimes-aggression\\\/\"},\"wordCount\":1541,\"publisher\":{\"@id\":\"https:\\\/\\\/www.ncr-iran.org\\\/en\\\/#organization\"},\"image\":{\"@id\":\"https:\\\/\\\/www.ncr-iran.org\\\/en\\\/news\\\/terrorism-a-fundamentalism\\\/eu-lawmakers-push-for-irgc-terror-listing-condemn-iranian-regimes-aggression\\\/#primaryimage\"},\"thumbnailUrl\":\"https:\\\/\\\/www.ncr-iran.org\\\/en\\\/wp-content\\\/uploads\\\/2023\\\/01\\\/eu-parliament-voting.jpg\",\"keywords\":[\"IRGC\",\"Iran Terrorism\"],\"articleSection\":[\"Latest News on Iranian Terrorism\"],\"inLanguage\":\"en-US\"},{\"@type\":\"WebPage\",\"@id\":\"https:\\\/\\\/www.ncr-iran.org\\\/en\\\/news\\\/terrorism-a-fundamentalism\\\/eu-lawmakers-push-for-irgc-terror-listing-condemn-iranian-regimes-aggression\\\/\",\"url\":\"https:\\\/\\\/www.ncr-iran.org\\\/en\\\/news\\\/terrorism-a-fundamentalism\\\/eu-lawmakers-push-for-irgc-terror-listing-condemn-iranian-regimes-aggression\\\/\",\"name\":\"EU Lawmakers Push for IRGC Terror Listing, Condemn Iranian Regime's Aggression - NCRI\",\"isPartOf\":{\"@id\":\"https:\\\/\\\/www.ncr-iran.org\\\/en\\\/#website\"},\"primaryImageOfPage\":{\"@id\":\"https:\\\/\\\/www.ncr-iran.org\\\/en\\\/news\\\/terrorism-a-fundamentalism\\\/eu-lawmakers-push-for-irgc-terror-listing-condemn-iranian-regimes-aggression\\\/#primaryimage\"},\"image\":{\"@id\":\"https:\\\/\\\/www.ncr-iran.org\\\/en\\\/news\\\/terrorism-a-fundamentalism\\\/eu-lawmakers-push-for-irgc-terror-listing-condemn-iranian-regimes-aggression\\\/#primaryimage\"},\"thumbnailUrl\":\"https:\\\/\\\/www.ncr-iran.org\\\/en\\\/wp-content\\\/uploads\\\/2023\\\/01\\\/eu-parliament-voting.jpg\",\"datePublished\":\"2024-04-25T12:52:14+00:00\",\"dateModified\":\"2024-04-26T10:44:15+00:00\",\"description\":\"On Thursday, the European Parliament adopted a resolution calling for the Iranian Islamic Revolutionary Guards Corps (IRGC) to be included on the list of\",\"breadcrumb\":{\"@id\":\"https:\\\/\\\/www.ncr-iran.org\\\/en\\\/news\\\/terrorism-a-fundamentalism\\\/eu-lawmakers-push-for-irgc-terror-listing-condemn-iranian-regimes-aggression\\\/#breadcrumb\"},\"inLanguage\":\"en-US\",\"potentialAction\":[{\"@type\":\"ReadAction\",\"target\":[\"https:\\\/\\\/www.ncr-iran.org\\\/en\\\/news\\\/terrorism-a-fundamentalism\\\/eu-lawmakers-push-for-irgc-terror-listing-condemn-iranian-regimes-aggression\\\/\"]}]},{\"@type\":\"ImageObject\",\"inLanguage\":\"en-US\",\"@id\":\"https:\\\/\\\/www.ncr-iran.org\\\/en\\\/news\\\/terrorism-a-fundamentalism\\\/eu-lawmakers-push-for-irgc-terror-listing-condemn-iranian-regimes-aggression\\\/#primaryimage\",\"url\":\"https:\\\/\\\/www.ncr-iran.org\\\/en\\\/wp-content\\\/uploads\\\/2023\\\/01\\\/eu-parliament-voting.jpg\",\"contentUrl\":\"https:\\\/\\\/www.ncr-iran.org\\\/en\\\/wp-content\\\/uploads\\\/2023\\\/01\\\/eu-parliament-voting.jpg\",\"width\":970,\"height\":550,\"caption\":\"eu parliament voting\"},{\"@type\":\"BreadcrumbList\",\"@id\":\"https:\\\/\\\/www.ncr-iran.org\\\/en\\\/news\\\/terrorism-a-fundamentalism\\\/eu-lawmakers-push-for-irgc-terror-listing-condemn-iranian-regimes-aggression\\\/#breadcrumb\",\"itemListElement\":[{\"@type\":\"ListItem\",\"position\":1,\"name\":\"Home\",\"item\":\"https:\\\/\\\/www.ncr-iran.org\\\/en\\\/\"},{\"@type\":\"ListItem\",\"position\":2,\"name\":\"EU Lawmakers Push for IRGC Terror Listing, Condemn Iranian Regime's Aggression\"}]},{\"@type\":\"WebSite\",\"@id\":\"https:\\\/\\\/www.ncr-iran.org\\\/en\\\/#website\",\"url\":\"https:\\\/\\\/www.ncr-iran.org\\\/en\\\/\",\"name\":\"NCRI\",\"description\":\"Official website of the National Council of Resistance of Iran\",\"publisher\":{\"@id\":\"https:\\\/\\\/www.ncr-iran.org\\\/en\\\/#organization\"},\"potentialAction\":[{\"@type\":\"SearchAction\",\"target\":{\"@type\":\"EntryPoint\",\"urlTemplate\":\"https:\\\/\\\/www.ncr-iran.org\\\/en\\\/?s={search_term_string}\"},\"query-input\":{\"@type\":\"PropertyValueSpecification\",\"valueRequired\":true,\"valueName\":\"search_term_string\"}}],\"inLanguage\":\"en-US\"},{\"@type\":\"Organization\",\"@id\":\"https:\\\/\\\/www.ncr-iran.org\\\/en\\\/#organization\",\"name\":\"Official website of the National Council of Resistance of Iran\",\"alternateName\":\"Official website of the National Council of Resistance of Iran\",\"url\":\"https:\\\/\\\/www.ncr-iran.org\\\/en\\\/\",\"logo\":{\"@type\":\"ImageObject\",\"inLanguage\":\"en-US\",\"@id\":\"https:\\\/\\\/www.ncr-iran.org\\\/en\\\/#\\\/schema\\\/logo\\\/image\\\/\",\"url\":\"https:\\\/\\\/www.ncr-iran.org\\\/en\\\/wp-content\\\/uploads\\\/2020\\\/01\\\/ncri-logo.jpg\",\"contentUrl\":\"https:\\\/\\\/www.ncr-iran.org\\\/en\\\/wp-content\\\/uploads\\\/2020\\\/01\\\/ncri-logo.jpg\",\"width\":402,\"height\":100,\"caption\":\"Official website of the National Council of Resistance of Iran\"},\"image\":{\"@id\":\"https:\\\/\\\/www.ncr-iran.org\\\/en\\\/#\\\/schema\\\/logo\\\/image\\\/\"},\"sameAs\":[\"https:\\\/\\\/x.com\\\/iran_policy\"]},{\"@type\":\"Person\",\"@id\":\"https:\\\/\\\/www.ncr-iran.org\\\/en\\\/#\\\/schema\\\/person\\\/6d974b7886275a3c3558a2c153cd9953\",\"name\":\"Mehdi Oghbai\",\"image\":{\"@type\":\"ImageObject\",\"inLanguage\":\"en-US\",\"@id\":\"https:\\\/\\\/secure.gravatar.com\\\/avatar\\\/e75a9651867c269b9def585b1d0cd3f8dd829c686ad851143c59a251ff991959?s=96&d=mm&r=g\",\"url\":\"https:\\\/\\\/secure.gravatar.com\\\/avatar\\\/e75a9651867c269b9def585b1d0cd3f8dd829c686ad851143c59a251ff991959?s=96&d=mm&r=g\",\"contentUrl\":\"https:\\\/\\\/secure.gravatar.com\\\/avatar\\\/e75a9651867c269b9def585b1d0cd3f8dd829c686ad851143c59a251ff991959?s=96&d=mm&r=g\",\"caption\":\"Mehdi Oghbai\"},\"url\":\"https:\\\/\\\/www.ncr-iran.org\\\/en\\\/author\\\/mehdi-oghbai\\\/\"}]}<\/script>\n<!-- \/ Yoast SEO plugin. -->","yoast_head_json":{"title":"EU Lawmakers Push for IRGC Terror Listing, Condemn Iranian Regime's Aggression - NCRI","description":"On Thursday, the European Parliament adopted a resolution calling for the Iranian Islamic Revolutionary Guards Corps (IRGC) to be included on the list of","robots":{"index":"index","follow":"follow","max-snippet":"max-snippet:-1","max-image-preview":"max-image-preview:large","max-video-preview":"max-video-preview:-1"},"canonical":"https:\/\/www.ncr-iran.org\/en\/news\/terrorism-a-fundamentalism\/eu-lawmakers-push-for-irgc-terror-listing-condemn-iranian-regimes-aggression\/","og_locale":"en_US","og_type":"article","og_title":"EU Lawmakers Push for IRGC Terror Listing, Condemn Iranian Regime's Aggression - NCRI","og_description":"On Thursday, the European Parliament adopted a resolution calling for the Iranian Islamic Revolutionary Guards Corps (IRGC) to be included on the list of","og_url":"https:\/\/www.ncr-iran.org\/en\/news\/terrorism-a-fundamentalism\/eu-lawmakers-push-for-irgc-terror-listing-condemn-iranian-regimes-aggression\/","og_site_name":"NCRI","article_published_time":"2024-04-25T12:52:14+00:00","article_modified_time":"2024-04-26T10:44:15+00:00","og_image":[{"width":970,"height":550,"url":"https:\/\/www.ncr-iran.org\/en\/wp-content\/uploads\/2023\/01\/eu-parliament-voting.jpg","type":"image\/jpeg"}],"author":"Mehdi Oghbai","twitter_card":"summary_large_image","twitter_creator":"@iran_policy","twitter_site":"@iran_policy","twitter_misc":{"Written by":"Mehdi Oghbai","Est. reading time":"7 minutes"},"schema":{"@context":"https:\/\/schema.org","@graph":[{"@type":["Article","BlogPosting"],"@id":"https:\/\/www.ncr-iran.org\/en\/news\/terrorism-a-fundamentalism\/eu-lawmakers-push-for-irgc-terror-listing-condemn-iranian-regimes-aggression\/#article","isPartOf":{"@id":"https:\/\/www.ncr-iran.org\/en\/news\/terrorism-a-fundamentalism\/eu-lawmakers-push-for-irgc-terror-listing-condemn-iranian-regimes-aggression\/"},"author":{"name":"Mehdi Oghbai","@id":"https:\/\/www.ncr-iran.org\/en\/#\/schema\/person\/6d974b7886275a3c3558a2c153cd9953"},"headline":"EU Lawmakers Push for IRGC Terror Listing, Condemn Iranian Regime&#8217;s Aggression","datePublished":"2024-04-25T12:52:14+00:00","dateModified":"2024-04-26T10:44:15+00:00","mainEntityOfPage":{"@id":"https:\/\/www.ncr-iran.org\/en\/news\/terrorism-a-fundamentalism\/eu-lawmakers-push-for-irgc-terror-listing-condemn-iranian-regimes-aggression\/"},"wordCount":1541,"publisher":{"@id":"https:\/\/www.ncr-iran.org\/en\/#organization"},"image":{"@id":"https:\/\/www.ncr-iran.org\/en\/news\/terrorism-a-fundamentalism\/eu-lawmakers-push-for-irgc-terror-listing-condemn-iranian-regimes-aggression\/#primaryimage"},"thumbnailUrl":"https:\/\/www.ncr-iran.org\/en\/wp-content\/uploads\/2023\/01\/eu-parliament-voting.jpg","keywords":["IRGC","Iran Terrorism"],"articleSection":["Latest News on Iranian Terrorism"],"inLanguage":"en-US"},{"@type":"WebPage","@id":"https:\/\/www.ncr-iran.org\/en\/news\/terrorism-a-fundamentalism\/eu-lawmakers-push-for-irgc-terror-listing-condemn-iranian-regimes-aggression\/","url":"https:\/\/www.ncr-iran.org\/en\/news\/terrorism-a-fundamentalism\/eu-lawmakers-push-for-irgc-terror-listing-condemn-iranian-regimes-aggression\/","name":"EU Lawmakers Push for IRGC Terror Listing, Condemn Iranian Regime's Aggression - NCRI","isPartOf":{"@id":"https:\/\/www.ncr-iran.org\/en\/#website"},"primaryImageOfPage":{"@id":"https:\/\/www.ncr-iran.org\/en\/news\/terrorism-a-fundamentalism\/eu-lawmakers-push-for-irgc-terror-listing-condemn-iranian-regimes-aggression\/#primaryimage"},"image":{"@id":"https:\/\/www.ncr-iran.org\/en\/news\/terrorism-a-fundamentalism\/eu-lawmakers-push-for-irgc-terror-listing-condemn-iranian-regimes-aggression\/#primaryimage"},"thumbnailUrl":"https:\/\/www.ncr-iran.org\/en\/wp-content\/uploads\/2023\/01\/eu-parliament-voting.jpg","datePublished":"2024-04-25T12:52:14+00:00","dateModified":"2024-04-26T10:44:15+00:00","description":"On Thursday, the European Parliament adopted a resolution calling for the Iranian Islamic Revolutionary Guards Corps (IRGC) to be included on the list of","breadcrumb":{"@id":"https:\/\/www.ncr-iran.org\/en\/news\/terrorism-a-fundamentalism\/eu-lawmakers-push-for-irgc-terror-listing-condemn-iranian-regimes-aggression\/#breadcrumb"},"inLanguage":"en-US","potentialAction":[{"@type":"ReadAction","target":["https:\/\/www.ncr-iran.org\/en\/news\/terrorism-a-fundamentalism\/eu-lawmakers-push-for-irgc-terror-listing-condemn-iranian-regimes-aggression\/"]}]},{"@type":"ImageObject","inLanguage":"en-US","@id":"https:\/\/www.ncr-iran.org\/en\/news\/terrorism-a-fundamentalism\/eu-lawmakers-push-for-irgc-terror-listing-condemn-iranian-regimes-aggression\/#primaryimage","url":"https:\/\/www.ncr-iran.org\/en\/wp-content\/uploads\/2023\/01\/eu-parliament-voting.jpg","contentUrl":"https:\/\/www.ncr-iran.org\/en\/wp-content\/uploads\/2023\/01\/eu-parliament-voting.jpg","width":970,"height":550,"caption":"eu parliament voting"},{"@type":"BreadcrumbList","@id":"https:\/\/www.ncr-iran.org\/en\/news\/terrorism-a-fundamentalism\/eu-lawmakers-push-for-irgc-terror-listing-condemn-iranian-regimes-aggression\/#breadcrumb","itemListElement":[{"@type":"ListItem","position":1,"name":"Home","item":"https:\/\/www.ncr-iran.org\/en\/"},{"@type":"ListItem","position":2,"name":"EU Lawmakers Push for IRGC Terror Listing, Condemn Iranian Regime's Aggression"}]},{"@type":"WebSite","@id":"https:\/\/www.ncr-iran.org\/en\/#website","url":"https:\/\/www.ncr-iran.org\/en\/","name":"NCRI","description":"Official website of the National Council of Resistance of Iran","publisher":{"@id":"https:\/\/www.ncr-iran.org\/en\/#organization"},"potentialAction":[{"@type":"SearchAction","target":{"@type":"EntryPoint","urlTemplate":"https:\/\/www.ncr-iran.org\/en\/?s={search_term_string}"},"query-input":{"@type":"PropertyValueSpecification","valueRequired":true,"valueName":"search_term_string"}}],"inLanguage":"en-US"},{"@type":"Organization","@id":"https:\/\/www.ncr-iran.org\/en\/#organization","name":"Official website of the National Council of Resistance of Iran","alternateName":"Official website of the National Council of Resistance of Iran","url":"https:\/\/www.ncr-iran.org\/en\/","logo":{"@type":"ImageObject","inLanguage":"en-US","@id":"https:\/\/www.ncr-iran.org\/en\/#\/schema\/logo\/image\/","url":"https:\/\/www.ncr-iran.org\/en\/wp-content\/uploads\/2020\/01\/ncri-logo.jpg","contentUrl":"https:\/\/www.ncr-iran.org\/en\/wp-content\/uploads\/2020\/01\/ncri-logo.jpg","width":402,"height":100,"caption":"Official website of the National Council of Resistance of Iran"},"image":{"@id":"https:\/\/www.ncr-iran.org\/en\/#\/schema\/logo\/image\/"},"sameAs":["https:\/\/x.com\/iran_policy"]},{"@type":"Person","@id":"https:\/\/www.ncr-iran.org\/en\/#\/schema\/person\/6d974b7886275a3c3558a2c153cd9953","name":"Mehdi Oghbai","image":{"@type":"ImageObject","inLanguage":"en-US","@id":"https:\/\/secure.gravatar.com\/avatar\/e75a9651867c269b9def585b1d0cd3f8dd829c686ad851143c59a251ff991959?s=96&d=mm&r=g","url":"https:\/\/secure.gravatar.com\/avatar\/e75a9651867c269b9def585b1d0cd3f8dd829c686ad851143c59a251ff991959?s=96&d=mm&r=g","contentUrl":"https:\/\/secure.gravatar.com\/avatar\/e75a9651867c269b9def585b1d0cd3f8dd829c686ad851143c59a251ff991959?s=96&d=mm&r=g","caption":"Mehdi Oghbai"},"url":"https:\/\/www.ncr-iran.org\/en\/author\/mehdi-oghbai\/"}]}},"_links":{"self":[{"href":"https:\/\/www.ncr-iran.org\/en\/wp-json\/wp\/v2\/posts\/318719","targetHints":{"allow":["GET"]}}],"collection":[{"href":"https:\/\/www.ncr-iran.org\/en\/wp-json\/wp\/v2\/posts"}],"about":[{"href":"https:\/\/www.ncr-iran.org\/en\/wp-json\/wp\/v2\/types\/post"}],"author":[{"embeddable":true,"href":"https:\/\/www.ncr-iran.org\/en\/wp-json\/wp\/v2\/users\/69"}],"replies":[{"embeddable":true,"href":"https:\/\/www.ncr-iran.org\/en\/wp-json\/wp\/v2\/comments?post=318719"}],"version-history":[{"count":0,"href":"https:\/\/www.ncr-iran.org\/en\/wp-json\/wp\/v2\/posts\/318719\/revisions"}],"wp:featuredmedia":[{"embeddable":true,"href":"https:\/\/www.ncr-iran.org\/en\/wp-json\/wp\/v2\/media\/291705"}],"wp:attachment":[{"href":"https:\/\/www.ncr-iran.org\/en\/wp-json\/wp\/v2\/media?parent=318719"}],"wp:term":[{"taxonomy":"category","embeddable":true,"href":"https:\/\/www.ncr-iran.org\/en\/wp-json\/wp\/v2\/categories?post=318719"},{"taxonomy":"post_tag","embeddable":true,"href":"https:\/\/www.ncr-iran.org\/en\/wp-json\/wp\/v2\/tags?post=318719"}],"curies":[{"name":"wp","href":"https:\/\/api.w.org\/{rel}","templated":true}]}}