{"id":324536,"date":"2024-09-29T20:19:17","date_gmt":"2024-09-29T19:19:17","guid":{"rendered":"https:\/\/www.ncr-iran.org\/en\/?p=324536"},"modified":"2024-09-29T20:20:40","modified_gmt":"2024-09-29T19:20:40","slug":"conference-in-the-italian-parliament-condemns-executions-in-iran-supports-resistance","status":"publish","type":"post","link":"https:\/\/www.ncr-iran.org\/en\/news\/iran-resistance\/conference-in-the-italian-parliament-condemns-executions-in-iran-supports-resistance\/","title":{"rendered":"Conference in the Italian Parliament Condemns Executions in Iran, Supports Resistance"},"content":{"rendered":"<p style=\"text-align: justify;\"><img decoding=\"async\" class=\"alignnone size-full wp-image-324537\" src=\"https:\/\/www.ncr-iran.org\/en\/wp-content\/uploads\/2024\/09\/italy-rome-conference-25092024.jpg\" alt=\"\" width=\"1000\" height=\"562\" srcset=\"https:\/\/www.ncr-iran.org\/en\/wp-content\/uploads\/2024\/09\/italy-rome-conference-25092024.jpg 1000w, https:\/\/www.ncr-iran.org\/en\/wp-content\/uploads\/2024\/09\/italy-rome-conference-25092024-300x169.jpg 300w, https:\/\/www.ncr-iran.org\/en\/wp-content\/uploads\/2024\/09\/italy-rome-conference-25092024-768x432.jpg 768w, https:\/\/www.ncr-iran.org\/en\/wp-content\/uploads\/2024\/09\/italy-rome-conference-25092024-747x420.jpg 747w, https:\/\/www.ncr-iran.org\/en\/wp-content\/uploads\/2024\/09\/italy-rome-conference-25092024-150x84.jpg 150w, https:\/\/www.ncr-iran.org\/en\/wp-content\/uploads\/2024\/09\/italy-rome-conference-25092024-696x391.jpg 696w\" sizes=\"(max-width: 1000px) 100vw, 1000px\" \/><\/p>\n<p style=\"text-align: justify;\"><span data-contrast=\"auto\">On Wednesday, September 25, 2024, the Italian Parliament hosted a significant conference titled <\/span><i><span data-contrast=\"auto\">&#8220;Iran: No to Executions \u2013 A Call for Justice&#8221;<\/span><\/i><span data-contrast=\"auto\">, bringing together senators, members of Parliament, and international advocates for Iranian human rights from across Italy\u2019s political spectrum. The event, organized to address the Iranian regime\u2019s rampant use of executions as a tool for repression, featured speeches from prominent Italian politicians and a virtual address from Mrs. Maryam Rajavi, President-elect of the National Council of Resistance of Iran (NCRI).<\/span><span data-ccp-props=\"{&quot;201341983&quot;:0,&quot;335559739&quot;:160,&quot;335559740&quot;:259}\">\u00a0<\/span><\/p>\n<p style=\"text-align: justify;\"><span data-contrast=\"auto\">In her address via videoconference, <\/span><a href=\"https:\/\/www.maryam-rajavi.com\/en\/no-to-executions-campaign-ending-the-mullahs-impunity-online-conference-italian-parliament\/\" target=\"_blank\" rel=\"noopener\"><b><span data-contrast=\"none\">Mrs. Maryam Rajavi<\/span><\/b><\/a><span data-contrast=\"auto\"> emphasized that the <\/span><span data-contrast=\"auto\">Iranian<\/span><span data-contrast=\"auto\"> regime <\/span><span data-contrast=\"auto\">and its<\/span><span data-contrast=\"auto\"> Supreme Leader Khamenei have systematically used executions to cling to power, describing the judiciary as an &#8220;execution machine.&#8221; She highlighted that the clerical regime holds the world record for executions, with 180 people executed in the short period since the new president took office.<\/span><span data-ccp-props=\"{&quot;201341983&quot;:0,&quot;335559739&quot;:160,&quot;335559740&quot;:259}\">\u00a0<\/span><\/p>\n<p style=\"text-align: justify;\"><span data-contrast=\"auto\">&#8220;Execution is not merely a punishment under this religious dictatorship; it is a strategic tool for the survival of an illegitimate regime,&#8221; Mrs. Rajavi stated. She drew attention to the plight of political prisoners, many of whom have engaged in weekly hunger strikes to protest the death penalty. &#8220;The courageous statements issued from torture chambers and execution grounds echo the voice of a resilient and defiant nation,&#8221; she added, expressing her hope for a future where Iran is free from torture and executions.<\/span><span data-ccp-props=\"{&quot;201341983&quot;:0,&quot;335559739&quot;:160,&quot;335559740&quot;:259}\">\u00a0<\/span><\/p>\n<p style=\"text-align: justify;\"><span data-contrast=\"auto\">Mrs. Rajavi also underscored the NCRI&#8217;s commitment to abolishing the death penalty in a future democratic Iran, calling on international governments to hold the Iranian regime accountable. \u201cWe urge governments to condition their diplomatic and trade relations with the clerical regime on the cessation of executions and torture,\u201d she declared, urging the United Nations to investigate Iran&#8217;s prisons and the ongoing massacre of political dissidents.\u00a0<\/span><span data-ccp-props=\"{&quot;201341983&quot;:0,&quot;335559739&quot;:160,&quot;335559740&quot;:259}\">\u00a0<\/span><\/p>\n<blockquote class=\"twitter-tweet\" data-width=\"550\" data-dnt=\"true\">\n<p lang=\"en\" dir=\"ltr\">With executions occurring every few hours, Khamenei manipulates the level of repression.<br \/>Over the past four decades, these executions have targeted all the populace, including political dissidents, Baluchis, Turkmens, Arab compatriots, and Kurdish compatriots, with particularly\u2026 <a href=\"https:\/\/t.co\/jllJ8ycIry\">pic.twitter.com\/jllJ8ycIry<\/a><\/p>\n<p>&mdash; Maryam Rajavi (@Maryam_Rajavi) <a href=\"https:\/\/twitter.com\/Maryam_Rajavi\/status\/1839017357743702034?ref_src=twsrc%5Etfw\">September 25, 2024<\/a><\/p><\/blockquote>\n<p><script async src=\"https:\/\/platform.twitter.com\/widgets.js\" charset=\"utf-8\"><\/script><\/p>\n<p style=\"text-align: justify;\"><b><span data-contrast=\"auto\">MP Naike Gruppioni<\/span><\/b><span data-contrast=\"auto\">, who chaired the conference, opened by stressing the importance of standing up against the atrocities of the Iranian regime. She noted that the regime\u2019s escalation of violence and repression, particularly against women, has reached alarming levels. &#8220;In this short period, at least 160 executions have been recorded. Furthermore, two protesters, after being arrested and imprisoned, died under torture,&#8221; MP Gruppioni stated, highlighting the Iranian regime&#8217;s systematic abuse of power.<\/span><span data-ccp-props=\"{&quot;201341983&quot;:0,&quot;335559739&quot;:160,&quot;335559740&quot;:259}\">\u00a0<\/span><\/p>\n<p style=\"text-align: justify;\"><span data-contrast=\"auto\">Vice President of the Italy-USA Foundation also referred to <a href=\"https:\/\/iran1988.org\/1988-massacre\/#:~:text=In%201988%2C%20the%20government%20of,abandon%20their%20beliefs%20to%20execution.\" target=\"_blank\" rel=\"noopener\">the 1988 massacre<\/a> of 30,000 political prisoners, most of whom were members of the People&#8217;s Mujahedin of Iran (PMOI). \u201cThis atrocity, condemned by the UN Special Rapporteur and classified as a crime against humanity and genocide, reveals the ruthless face of a regime that is relentless,\u201d she said, adding that the international community must take decisive action. &#8220;The international community cannot remain silent in the face of these atrocities. We must continue to call for the release of political prisoners and the immediate cessation of executions in Iran.&#8221;<\/span><span data-ccp-props=\"{&quot;201341983&quot;:0,&quot;335559739&quot;:160,&quot;335559740&quot;:259}\">\u00a0<\/span><\/p>\n<p style=\"text-align: justify;\"><b><span data-contrast=\"auto\">Senator Cinzia Pellegrino<\/span><\/b><span data-contrast=\"auto\">, an outspoken advocate for human rights, reaffirmed Italy\u2019s strong stance against the death penalty and political repression in Iran. \u201cEarlier, we said \u2018Stop the executions in Iran,\u2019 even with a brief flash mob. But for us, this is not just a slogan. We truly believe that democracy must be restored as soon as possible,\u201d Pellegrino said. She also emphasized the importance of <a href=\"https:\/\/www.ncr-iran.org\/en\/maryam-rajavis-ten-point-plan-for-future-iran\/\">Rajavi\u2019s Ten-Point Plan<\/a> for Iran\u2019s democratic future, noting, &#8220;We hope this can happen as soon as possible. We reaffirm as the other European Union representative did this morning, our stance: no to torture, no to the death penalty, no to political discrimination.&#8221;<\/span><span data-ccp-props=\"{&quot;201341983&quot;:0,&quot;335559739&quot;:160,&quot;335559740&quot;:259}\">\u00a0<\/span><\/p>\n<p style=\"text-align: justify;\"><span data-contrast=\"auto\">Senator Pellegrino also acknowledged the personal impact of Mrs. Rajavi&#8217;s leadership, having met her and seen her vision for a future of freedom in Iran. &#8220;We know that in your eyes is the vision of the future that is coming. That is the future we want to see in the coming decades.&#8221;<\/span><span data-ccp-props=\"{&quot;201341983&quot;:0,&quot;335559739&quot;:160,&quot;335559740&quot;:259}\">\u00a0<\/span><\/p>\n<blockquote class=\"twitter-tweet\" data-width=\"550\" data-dnt=\"true\">\n<p lang=\"it\" dir=\"ltr\">La comunit\u00e0 internazionale non pu\u00f2 rimanere in silenzio di fronte alle atrocit\u00e0 e al genocidio perpetrati dal regime iraniano.<br \/>Dobbiamo intraprendere azioni decisive per rendere il regime responsabile dei suoi crimini contro l&#39;umanit\u00e0. <br \/>Sanzioni mirate, forti pressioni\u2026 <a href=\"https:\/\/t.co\/v6lxyDJs9j\">pic.twitter.com\/v6lxyDJs9j<\/a><\/p>\n<p>&mdash; Naike Gruppioni (@naike_gruppioni) <a href=\"https:\/\/twitter.com\/naike_gruppioni\/status\/1838981948322230538?ref_src=twsrc%5Etfw\">September 25, 2024<\/a><\/p><\/blockquote>\n<p><script async src=\"https:\/\/platform.twitter.com\/widgets.js\" charset=\"utf-8\"><\/script><\/p>\n<p style=\"text-align: justify;\"><span data-contrast=\"auto\">In his speech, <\/span><b><span data-contrast=\"auto\">Senator Raffaele Speranzon<\/span><\/b><span data-contrast=\"auto\"> reflected on the shared humanity between the Italian people and Iranians suffering under the regime\u2019s oppression. &#8220;Your people represent humanity, and the tortures your people endure are well matched by the courage, determination, and strength with which you continue to shout to the entire world, calling on them to keep hope alive for a free Iran,&#8221; he said. Senator Speranzon highlighted the bravery of Iranian dissidents who, despite the fear of death, continue to resist the regime\u2019s tyranny.<\/span><span data-ccp-props=\"{&quot;201341983&quot;:0,&quot;335559739&quot;:160,&quot;335559740&quot;:259}\">\u00a0<\/span><\/p>\n<p style=\"text-align: justify;\"><b><span data-contrast=\"auto\">Senator Marco Scurria<\/span><\/b><span data-contrast=\"auto\"> expressed solidarity with the Iranian people and urged them to continue fighting for freedom, emphasizing the importance of hope. &#8220;Tell your people that hope must never die! Tell them that the wind of freedom is stronger than any wall, any court, any strange Ayatollah,&#8221; Scurria declared. He drew parallels between the Iranian people\u2019s struggle and Italy\u2019s historical fight for democracy, reminding the audience of the shared values that unite both nations.<\/span><span data-ccp-props=\"{&quot;201341983&quot;:0,&quot;335559739&quot;:160,&quot;335559740&quot;:259}\">\u00a0<\/span><\/p>\n<blockquote class=\"twitter-tweet\" data-width=\"550\" data-dnt=\"true\">\n<p lang=\"it\" dir=\"ltr\">\u201cIran: No alle esecuzioni <a href=\"https:\/\/t.co\/z3OKVn1ehr\">https:\/\/t.co\/z3OKVn1ehr<\/a><\/p>\n<p>&mdash; mahmoud hakamian (@HakamianMahmoud) <a href=\"https:\/\/twitter.com\/HakamianMahmoud\/status\/1839038009217278383?ref_src=twsrc%5Etfw\">September 25, 2024<\/a><\/p><\/blockquote>\n<p><script async src=\"https:\/\/platform.twitter.com\/widgets.js\" charset=\"utf-8\"><\/script><\/p>\n<p style=\"text-align: justify;\"><b><span data-contrast=\"auto\">MP Emanuele Pozzolo<\/span><\/b><span data-contrast=\"auto\"> highlighted the Iranian regime&#8217;s role in fostering international instability. Pozzolo referred to the clerical regime as the &#8220;head of the serpent&#8221; in global terrorism, explaining how the regime uses both defamation and violence to maintain its power. &#8220;Iran is increasingly revealing itself to be what many of us, including the MEK, Mrs. Rajavi, and many others, have long recognized as the head of the serpent,&#8221; he said.<\/span><span data-ccp-props=\"{&quot;201341983&quot;:0,&quot;335559739&quot;:160,&quot;335559740&quot;:259}\">\u00a0<\/span><\/p>\n<p style=\"text-align: justify;\"><span data-contrast=\"auto\">Member of the Italian Parliament\u2019s Foreign Affairs Committee warned that Tehran&#8217;s involvement in funding and supporting terrorist groups in the Middle East poses a direct threat to global security. He also criticized the regime\u2019s efforts to discredit dissidents both inside and outside Iran, noting, &#8220;There has been a relentless defamation campaign against Mrs. Rajavi, the dissidents, and anyone who opposes the regime.&#8221;<\/span><span data-ccp-props=\"{&quot;201341983&quot;:0,&quot;335559739&quot;:160,&quot;335559740&quot;:259}\">\u00a0<\/span><\/p>\n<p style=\"text-align: justify;\"><span data-contrast=\"auto\">Pozzolo emphasized the enduring power of the Iranian Resistance, stating that despite the regime&#8217;s efforts to silence and eliminate its opposition, the movement remains resilient. &#8220;The fear of death has not broken the opposition. Mrs. Rajavi and the MEK are living proof that they will never win,&#8221; he concluded.<\/span><span data-ccp-props=\"{&quot;201341983&quot;:0,&quot;335559739&quot;:160,&quot;335559740&quot;:259}\">\u00a0<\/span><\/p>\n<blockquote class=\"twitter-tweet\" data-width=\"550\" data-dnt=\"true\">\n<p lang=\"it\" dir=\"ltr\">No alle esecuzioni in <a href=\"https:\/\/twitter.com\/hashtag\/Iran?src=hash&amp;ref_src=twsrc%5Etfw\">#Iran<\/a>  . convegno alla camera dei deputati sala Refettorio. 25 settembre 2024 <a href=\"https:\/\/t.co\/VgpiODE7SD\">pic.twitter.com\/VgpiODE7SD<\/a><\/p>\n<p>&mdash; mahmoud hakamian (@HakamianMahmoud) <a href=\"https:\/\/twitter.com\/HakamianMahmoud\/status\/1839035991593492677?ref_src=twsrc%5Etfw\">September 25, 2024<\/a><\/p><\/blockquote>\n<p><script async src=\"https:\/\/platform.twitter.com\/widgets.js\" charset=\"utf-8\"><\/script><\/p>\n<p style=\"text-align: justify;\"><b><span data-contrast=\"auto\">Former Senator Roberto Rampi<\/span><\/b><span data-contrast=\"auto\">, a long-time supporter of the Iranian Resistance, emphasized the need for non-interventionist approaches to the situation in Iran. He made it clear that the Iranian Resistance does not seek foreign military involvement, but rather support for their internal struggle for freedom. &#8220;None of us wish for interventions of any kind in Iran, and the Iranian Resistance has made this very clear,&#8221; Rampi stated. He highlighted the negative outcomes of past interventions in the region and reinforced the importance of allowing the Iranian people to determine their future.\u00a0<\/span><span data-ccp-props=\"{&quot;201341983&quot;:0,&quot;335559739&quot;:160,&quot;335559740&quot;:259}\">\u00a0<\/span><\/p>\n<p style=\"text-align: justify;\"><b><span data-contrast=\"auto\">Manuele Vescovi<\/span><\/b><span data-contrast=\"auto\"> echoed the commitment of Italian parliamentarians to the Iranian cause, reflecting on his longstanding involvement in supporting the Iranian people. &#8220;I remember the first time I came to support you in Albania,&#8221; Vescovi remarked, recalling his engagement in key international efforts to bring attention to the Iranian regime\u2019s human rights abuses. He emphasized that the fight for democracy in Iran is not only Iran\u2019s struggle but also Italy\u2019s and the world\u2019s. &#8220;These are not just your battles, they are also ours,&#8221; he said, adding, &#8220;I\u2019ve been there, I am here, and I will always be there for you.&#8221; Vescovi praised the courage of the Iranian Resistance and reaffirmed his ongoing support for the movement.<\/span><span data-ccp-props=\"{&quot;201341983&quot;:0,&quot;335559739&quot;:160,&quot;335559740&quot;:259}\">\u00a0<\/span><\/p>\n","protected":false},"excerpt":{"rendered":"<p>On Wednesday, September 25, 2024, the Italian Parliament hosted a significant conference titled &ldquo;Iran: No to Executions &ndash; A Call for Justice&rdquo;, bringing together senators, members of Parliament, and international [&#8230;]<\/p>\n","protected":false},"author":19,"featured_media":324537,"comment_status":"closed","ping_status":"closed","sticky":false,"template":"","format":"standard","meta":{"footnotes":""},"categories":[13,60],"tags":[204,222],"class_list":{"0":"post-324536","1":"post","2":"type-post","3":"status-publish","4":"format-standard","5":"has-post-thumbnail","7":"category-iran-resistance","8":"category-maryam-rajavi","9":"tag-maryam-rajavi","10":"tag-iranian-resistance"},"yoast_head":"<!-- This site is optimized with the Yoast SEO plugin v27.4 - https:\/\/yoast.com\/product\/yoast-seo-wordpress\/ -->\n<title>Conference in the Italian Parliament Condemns Executions in Iran, Supports Resistance - NCRI<\/title>\n<meta name=\"description\" content=\"On Wednesday, September 25, 2024, the Italian Parliament hosted a significant conference titled &quot;Iran: No to Executions \u2013 A Call for Justice&quot;, bringing\" \/>\n<meta name=\"robots\" content=\"index, follow, max-snippet:-1, max-image-preview:large, max-video-preview:-1\" \/>\n<link rel=\"canonical\" href=\"https:\/\/www.ncr-iran.org\/en\/news\/iran-resistance\/conference-in-the-italian-parliament-condemns-executions-in-iran-supports-resistance\/\" \/>\n<meta property=\"og:locale\" content=\"en_US\" \/>\n<meta property=\"og:type\" content=\"article\" \/>\n<meta property=\"og:title\" content=\"Conference in the Italian Parliament Condemns Executions in Iran, Supports Resistance - NCRI\" \/>\n<meta property=\"og:description\" content=\"On Wednesday, September 25, 2024, the Italian Parliament hosted a significant conference titled &quot;Iran: No to Executions \u2013 A Call for Justice&quot;, bringing\" \/>\n<meta property=\"og:url\" content=\"https:\/\/www.ncr-iran.org\/en\/news\/iran-resistance\/conference-in-the-italian-parliament-condemns-executions-in-iran-supports-resistance\/\" \/>\n<meta property=\"og:site_name\" content=\"NCRI\" \/>\n<meta property=\"article:published_time\" content=\"2024-09-29T19:19:17+00:00\" \/>\n<meta property=\"article:modified_time\" content=\"2024-09-29T19:20:40+00:00\" \/>\n<meta property=\"og:image\" content=\"https:\/\/www.ncr-iran.org\/en\/wp-content\/uploads\/2024\/09\/italy-rome-conference-25092024.jpg\" \/>\n\t<meta property=\"og:image:width\" content=\"1000\" \/>\n\t<meta property=\"og:image:height\" content=\"562\" \/>\n\t<meta property=\"og:image:type\" content=\"image\/jpeg\" \/>\n<meta name=\"author\" content=\"Shamsi Saadati\" \/>\n<meta name=\"twitter:card\" content=\"summary_large_image\" \/>\n<meta name=\"twitter:creator\" content=\"@iran_policy\" \/>\n<meta name=\"twitter:site\" content=\"@iran_policy\" \/>\n<meta name=\"twitter:label1\" content=\"Written by\" \/>\n\t<meta name=\"twitter:data1\" content=\"Shamsi Saadati\" \/>\n\t<meta name=\"twitter:label2\" content=\"Est. reading time\" \/>\n\t<meta name=\"twitter:data2\" content=\"6 minutes\" \/>\n<script type=\"application\/ld+json\" class=\"yoast-schema-graph\">{\"@context\":\"https:\\\/\\\/schema.org\",\"@graph\":[{\"@type\":[\"Article\",\"BlogPosting\"],\"@id\":\"https:\\\/\\\/www.ncr-iran.org\\\/en\\\/news\\\/iran-resistance\\\/conference-in-the-italian-parliament-condemns-executions-in-iran-supports-resistance\\\/#article\",\"isPartOf\":{\"@id\":\"https:\\\/\\\/www.ncr-iran.org\\\/en\\\/news\\\/iran-resistance\\\/conference-in-the-italian-parliament-condemns-executions-in-iran-supports-resistance\\\/\"},\"author\":{\"name\":\"Shamsi Saadati\",\"@id\":\"https:\\\/\\\/www.ncr-iran.org\\\/en\\\/#\\\/schema\\\/person\\\/410cc710e9b11fe1e0140afae956d6e6\"},\"headline\":\"Conference in the Italian Parliament Condemns Executions in Iran, Supports Resistance\",\"datePublished\":\"2024-09-29T19:19:17+00:00\",\"dateModified\":\"2024-09-29T19:20:40+00:00\",\"mainEntityOfPage\":{\"@id\":\"https:\\\/\\\/www.ncr-iran.org\\\/en\\\/news\\\/iran-resistance\\\/conference-in-the-italian-parliament-condemns-executions-in-iran-supports-resistance\\\/\"},\"wordCount\":1213,\"publisher\":{\"@id\":\"https:\\\/\\\/www.ncr-iran.org\\\/en\\\/#organization\"},\"image\":{\"@id\":\"https:\\\/\\\/www.ncr-iran.org\\\/en\\\/news\\\/iran-resistance\\\/conference-in-the-italian-parliament-condemns-executions-in-iran-supports-resistance\\\/#primaryimage\"},\"thumbnailUrl\":\"https:\\\/\\\/www.ncr-iran.org\\\/en\\\/wp-content\\\/uploads\\\/2024\\\/09\\\/italy-rome-conference-25092024.jpg\",\"keywords\":[\"Maryam Rajavi\",\"Iranian Resistance\"],\"articleSection\":[\"Iran Opposition &amp; Resistance\",\"Latest News &amp; Activities of Iran Protest Leader Maryam Rajavi\"],\"inLanguage\":\"en-US\"},{\"@type\":\"WebPage\",\"@id\":\"https:\\\/\\\/www.ncr-iran.org\\\/en\\\/news\\\/iran-resistance\\\/conference-in-the-italian-parliament-condemns-executions-in-iran-supports-resistance\\\/\",\"url\":\"https:\\\/\\\/www.ncr-iran.org\\\/en\\\/news\\\/iran-resistance\\\/conference-in-the-italian-parliament-condemns-executions-in-iran-supports-resistance\\\/\",\"name\":\"Conference in the Italian Parliament Condemns Executions in Iran, Supports Resistance - NCRI\",\"isPartOf\":{\"@id\":\"https:\\\/\\\/www.ncr-iran.org\\\/en\\\/#website\"},\"primaryImageOfPage\":{\"@id\":\"https:\\\/\\\/www.ncr-iran.org\\\/en\\\/news\\\/iran-resistance\\\/conference-in-the-italian-parliament-condemns-executions-in-iran-supports-resistance\\\/#primaryimage\"},\"image\":{\"@id\":\"https:\\\/\\\/www.ncr-iran.org\\\/en\\\/news\\\/iran-resistance\\\/conference-in-the-italian-parliament-condemns-executions-in-iran-supports-resistance\\\/#primaryimage\"},\"thumbnailUrl\":\"https:\\\/\\\/www.ncr-iran.org\\\/en\\\/wp-content\\\/uploads\\\/2024\\\/09\\\/italy-rome-conference-25092024.jpg\",\"datePublished\":\"2024-09-29T19:19:17+00:00\",\"dateModified\":\"2024-09-29T19:20:40+00:00\",\"description\":\"On Wednesday, September 25, 2024, the Italian Parliament hosted a significant conference titled \\\"Iran: No to Executions \u2013 A Call for Justice\\\", bringing\",\"breadcrumb\":{\"@id\":\"https:\\\/\\\/www.ncr-iran.org\\\/en\\\/news\\\/iran-resistance\\\/conference-in-the-italian-parliament-condemns-executions-in-iran-supports-resistance\\\/#breadcrumb\"},\"inLanguage\":\"en-US\",\"potentialAction\":[{\"@type\":\"ReadAction\",\"target\":[\"https:\\\/\\\/www.ncr-iran.org\\\/en\\\/news\\\/iran-resistance\\\/conference-in-the-italian-parliament-condemns-executions-in-iran-supports-resistance\\\/\"]}]},{\"@type\":\"ImageObject\",\"inLanguage\":\"en-US\",\"@id\":\"https:\\\/\\\/www.ncr-iran.org\\\/en\\\/news\\\/iran-resistance\\\/conference-in-the-italian-parliament-condemns-executions-in-iran-supports-resistance\\\/#primaryimage\",\"url\":\"https:\\\/\\\/www.ncr-iran.org\\\/en\\\/wp-content\\\/uploads\\\/2024\\\/09\\\/italy-rome-conference-25092024.jpg\",\"contentUrl\":\"https:\\\/\\\/www.ncr-iran.org\\\/en\\\/wp-content\\\/uploads\\\/2024\\\/09\\\/italy-rome-conference-25092024.jpg\",\"width\":1000,\"height\":562},{\"@type\":\"BreadcrumbList\",\"@id\":\"https:\\\/\\\/www.ncr-iran.org\\\/en\\\/news\\\/iran-resistance\\\/conference-in-the-italian-parliament-condemns-executions-in-iran-supports-resistance\\\/#breadcrumb\",\"itemListElement\":[{\"@type\":\"ListItem\",\"position\":1,\"name\":\"Home\",\"item\":\"https:\\\/\\\/www.ncr-iran.org\\\/en\\\/\"},{\"@type\":\"ListItem\",\"position\":2,\"name\":\"Conference in the Italian Parliament Condemns Executions in Iran, Supports Resistance\"}]},{\"@type\":\"WebSite\",\"@id\":\"https:\\\/\\\/www.ncr-iran.org\\\/en\\\/#website\",\"url\":\"https:\\\/\\\/www.ncr-iran.org\\\/en\\\/\",\"name\":\"NCRI\",\"description\":\"Official website of the National Council of Resistance of Iran\",\"publisher\":{\"@id\":\"https:\\\/\\\/www.ncr-iran.org\\\/en\\\/#organization\"},\"potentialAction\":[{\"@type\":\"SearchAction\",\"target\":{\"@type\":\"EntryPoint\",\"urlTemplate\":\"https:\\\/\\\/www.ncr-iran.org\\\/en\\\/?s={search_term_string}\"},\"query-input\":{\"@type\":\"PropertyValueSpecification\",\"valueRequired\":true,\"valueName\":\"search_term_string\"}}],\"inLanguage\":\"en-US\"},{\"@type\":\"Organization\",\"@id\":\"https:\\\/\\\/www.ncr-iran.org\\\/en\\\/#organization\",\"name\":\"Official website of the National Council of Resistance of Iran\",\"alternateName\":\"Official website of the National Council of Resistance of Iran\",\"url\":\"https:\\\/\\\/www.ncr-iran.org\\\/en\\\/\",\"logo\":{\"@type\":\"ImageObject\",\"inLanguage\":\"en-US\",\"@id\":\"https:\\\/\\\/www.ncr-iran.org\\\/en\\\/#\\\/schema\\\/logo\\\/image\\\/\",\"url\":\"https:\\\/\\\/www.ncr-iran.org\\\/en\\\/wp-content\\\/uploads\\\/2020\\\/01\\\/ncri-logo.jpg\",\"contentUrl\":\"https:\\\/\\\/www.ncr-iran.org\\\/en\\\/wp-content\\\/uploads\\\/2020\\\/01\\\/ncri-logo.jpg\",\"width\":402,\"height\":100,\"caption\":\"Official website of the National Council of Resistance of Iran\"},\"image\":{\"@id\":\"https:\\\/\\\/www.ncr-iran.org\\\/en\\\/#\\\/schema\\\/logo\\\/image\\\/\"},\"sameAs\":[\"https:\\\/\\\/x.com\\\/iran_policy\"]},{\"@type\":\"Person\",\"@id\":\"https:\\\/\\\/www.ncr-iran.org\\\/en\\\/#\\\/schema\\\/person\\\/410cc710e9b11fe1e0140afae956d6e6\",\"name\":\"Shamsi Saadati\",\"image\":{\"@type\":\"ImageObject\",\"inLanguage\":\"en-US\",\"@id\":\"https:\\\/\\\/secure.gravatar.com\\\/avatar\\\/1ff30655874a9af9b80fd8207e6c14da44bd022c40adc5558e4ace491fd9d19c?s=96&d=mm&r=g\",\"url\":\"https:\\\/\\\/secure.gravatar.com\\\/avatar\\\/1ff30655874a9af9b80fd8207e6c14da44bd022c40adc5558e4ace491fd9d19c?s=96&d=mm&r=g\",\"contentUrl\":\"https:\\\/\\\/secure.gravatar.com\\\/avatar\\\/1ff30655874a9af9b80fd8207e6c14da44bd022c40adc5558e4ace491fd9d19c?s=96&d=mm&r=g\",\"caption\":\"Shamsi Saadati\"},\"description\":\"Shamsi Saadati is a writer, producer, and political correspondent for the National Council of Resistance of Iran. She has also been a member of the Board of Editors for NCRI-Iran.org for the past 10 years.\",\"url\":\"https:\\\/\\\/www.ncr-iran.org\\\/en\\\/author\\\/shamsi-saadati\\\/\"}]}<\/script>\n<!-- \/ Yoast SEO plugin. -->","yoast_head_json":{"title":"Conference in the Italian Parliament Condemns Executions in Iran, Supports Resistance - NCRI","description":"On Wednesday, September 25, 2024, the Italian Parliament hosted a significant conference titled \"Iran: No to Executions \u2013 A Call for Justice\", bringing","robots":{"index":"index","follow":"follow","max-snippet":"max-snippet:-1","max-image-preview":"max-image-preview:large","max-video-preview":"max-video-preview:-1"},"canonical":"https:\/\/www.ncr-iran.org\/en\/news\/iran-resistance\/conference-in-the-italian-parliament-condemns-executions-in-iran-supports-resistance\/","og_locale":"en_US","og_type":"article","og_title":"Conference in the Italian Parliament Condemns Executions in Iran, Supports Resistance - NCRI","og_description":"On Wednesday, September 25, 2024, the Italian Parliament hosted a significant conference titled \"Iran: No to Executions \u2013 A Call for Justice\", bringing","og_url":"https:\/\/www.ncr-iran.org\/en\/news\/iran-resistance\/conference-in-the-italian-parliament-condemns-executions-in-iran-supports-resistance\/","og_site_name":"NCRI","article_published_time":"2024-09-29T19:19:17+00:00","article_modified_time":"2024-09-29T19:20:40+00:00","og_image":[{"width":1000,"height":562,"url":"https:\/\/www.ncr-iran.org\/en\/wp-content\/uploads\/2024\/09\/italy-rome-conference-25092024.jpg","type":"image\/jpeg"}],"author":"Shamsi Saadati","twitter_card":"summary_large_image","twitter_creator":"@iran_policy","twitter_site":"@iran_policy","twitter_misc":{"Written by":"Shamsi Saadati","Est. reading time":"6 minutes"},"schema":{"@context":"https:\/\/schema.org","@graph":[{"@type":["Article","BlogPosting"],"@id":"https:\/\/www.ncr-iran.org\/en\/news\/iran-resistance\/conference-in-the-italian-parliament-condemns-executions-in-iran-supports-resistance\/#article","isPartOf":{"@id":"https:\/\/www.ncr-iran.org\/en\/news\/iran-resistance\/conference-in-the-italian-parliament-condemns-executions-in-iran-supports-resistance\/"},"author":{"name":"Shamsi Saadati","@id":"https:\/\/www.ncr-iran.org\/en\/#\/schema\/person\/410cc710e9b11fe1e0140afae956d6e6"},"headline":"Conference in the Italian Parliament Condemns Executions in Iran, Supports Resistance","datePublished":"2024-09-29T19:19:17+00:00","dateModified":"2024-09-29T19:20:40+00:00","mainEntityOfPage":{"@id":"https:\/\/www.ncr-iran.org\/en\/news\/iran-resistance\/conference-in-the-italian-parliament-condemns-executions-in-iran-supports-resistance\/"},"wordCount":1213,"publisher":{"@id":"https:\/\/www.ncr-iran.org\/en\/#organization"},"image":{"@id":"https:\/\/www.ncr-iran.org\/en\/news\/iran-resistance\/conference-in-the-italian-parliament-condemns-executions-in-iran-supports-resistance\/#primaryimage"},"thumbnailUrl":"https:\/\/www.ncr-iran.org\/en\/wp-content\/uploads\/2024\/09\/italy-rome-conference-25092024.jpg","keywords":["Maryam Rajavi","Iranian Resistance"],"articleSection":["Iran Opposition &amp; Resistance","Latest News &amp; Activities of Iran Protest Leader Maryam Rajavi"],"inLanguage":"en-US"},{"@type":"WebPage","@id":"https:\/\/www.ncr-iran.org\/en\/news\/iran-resistance\/conference-in-the-italian-parliament-condemns-executions-in-iran-supports-resistance\/","url":"https:\/\/www.ncr-iran.org\/en\/news\/iran-resistance\/conference-in-the-italian-parliament-condemns-executions-in-iran-supports-resistance\/","name":"Conference in the Italian Parliament Condemns Executions in Iran, Supports Resistance - NCRI","isPartOf":{"@id":"https:\/\/www.ncr-iran.org\/en\/#website"},"primaryImageOfPage":{"@id":"https:\/\/www.ncr-iran.org\/en\/news\/iran-resistance\/conference-in-the-italian-parliament-condemns-executions-in-iran-supports-resistance\/#primaryimage"},"image":{"@id":"https:\/\/www.ncr-iran.org\/en\/news\/iran-resistance\/conference-in-the-italian-parliament-condemns-executions-in-iran-supports-resistance\/#primaryimage"},"thumbnailUrl":"https:\/\/www.ncr-iran.org\/en\/wp-content\/uploads\/2024\/09\/italy-rome-conference-25092024.jpg","datePublished":"2024-09-29T19:19:17+00:00","dateModified":"2024-09-29T19:20:40+00:00","description":"On Wednesday, September 25, 2024, the Italian Parliament hosted a significant conference titled \"Iran: No to Executions \u2013 A Call for Justice\", bringing","breadcrumb":{"@id":"https:\/\/www.ncr-iran.org\/en\/news\/iran-resistance\/conference-in-the-italian-parliament-condemns-executions-in-iran-supports-resistance\/#breadcrumb"},"inLanguage":"en-US","potentialAction":[{"@type":"ReadAction","target":["https:\/\/www.ncr-iran.org\/en\/news\/iran-resistance\/conference-in-the-italian-parliament-condemns-executions-in-iran-supports-resistance\/"]}]},{"@type":"ImageObject","inLanguage":"en-US","@id":"https:\/\/www.ncr-iran.org\/en\/news\/iran-resistance\/conference-in-the-italian-parliament-condemns-executions-in-iran-supports-resistance\/#primaryimage","url":"https:\/\/www.ncr-iran.org\/en\/wp-content\/uploads\/2024\/09\/italy-rome-conference-25092024.jpg","contentUrl":"https:\/\/www.ncr-iran.org\/en\/wp-content\/uploads\/2024\/09\/italy-rome-conference-25092024.jpg","width":1000,"height":562},{"@type":"BreadcrumbList","@id":"https:\/\/www.ncr-iran.org\/en\/news\/iran-resistance\/conference-in-the-italian-parliament-condemns-executions-in-iran-supports-resistance\/#breadcrumb","itemListElement":[{"@type":"ListItem","position":1,"name":"Home","item":"https:\/\/www.ncr-iran.org\/en\/"},{"@type":"ListItem","position":2,"name":"Conference in the Italian Parliament Condemns Executions in Iran, Supports Resistance"}]},{"@type":"WebSite","@id":"https:\/\/www.ncr-iran.org\/en\/#website","url":"https:\/\/www.ncr-iran.org\/en\/","name":"NCRI","description":"Official website of the National Council of Resistance of Iran","publisher":{"@id":"https:\/\/www.ncr-iran.org\/en\/#organization"},"potentialAction":[{"@type":"SearchAction","target":{"@type":"EntryPoint","urlTemplate":"https:\/\/www.ncr-iran.org\/en\/?s={search_term_string}"},"query-input":{"@type":"PropertyValueSpecification","valueRequired":true,"valueName":"search_term_string"}}],"inLanguage":"en-US"},{"@type":"Organization","@id":"https:\/\/www.ncr-iran.org\/en\/#organization","name":"Official website of the National Council of Resistance of Iran","alternateName":"Official website of the National Council of Resistance of Iran","url":"https:\/\/www.ncr-iran.org\/en\/","logo":{"@type":"ImageObject","inLanguage":"en-US","@id":"https:\/\/www.ncr-iran.org\/en\/#\/schema\/logo\/image\/","url":"https:\/\/www.ncr-iran.org\/en\/wp-content\/uploads\/2020\/01\/ncri-logo.jpg","contentUrl":"https:\/\/www.ncr-iran.org\/en\/wp-content\/uploads\/2020\/01\/ncri-logo.jpg","width":402,"height":100,"caption":"Official website of the National Council of Resistance of Iran"},"image":{"@id":"https:\/\/www.ncr-iran.org\/en\/#\/schema\/logo\/image\/"},"sameAs":["https:\/\/x.com\/iran_policy"]},{"@type":"Person","@id":"https:\/\/www.ncr-iran.org\/en\/#\/schema\/person\/410cc710e9b11fe1e0140afae956d6e6","name":"Shamsi Saadati","image":{"@type":"ImageObject","inLanguage":"en-US","@id":"https:\/\/secure.gravatar.com\/avatar\/1ff30655874a9af9b80fd8207e6c14da44bd022c40adc5558e4ace491fd9d19c?s=96&d=mm&r=g","url":"https:\/\/secure.gravatar.com\/avatar\/1ff30655874a9af9b80fd8207e6c14da44bd022c40adc5558e4ace491fd9d19c?s=96&d=mm&r=g","contentUrl":"https:\/\/secure.gravatar.com\/avatar\/1ff30655874a9af9b80fd8207e6c14da44bd022c40adc5558e4ace491fd9d19c?s=96&d=mm&r=g","caption":"Shamsi Saadati"},"description":"Shamsi Saadati is a writer, producer, and political correspondent for the National Council of Resistance of Iran. She has also been a member of the Board of Editors for NCRI-Iran.org for the past 10 years.","url":"https:\/\/www.ncr-iran.org\/en\/author\/shamsi-saadati\/"}]}},"_links":{"self":[{"href":"https:\/\/www.ncr-iran.org\/en\/wp-json\/wp\/v2\/posts\/324536","targetHints":{"allow":["GET"]}}],"collection":[{"href":"https:\/\/www.ncr-iran.org\/en\/wp-json\/wp\/v2\/posts"}],"about":[{"href":"https:\/\/www.ncr-iran.org\/en\/wp-json\/wp\/v2\/types\/post"}],"author":[{"embeddable":true,"href":"https:\/\/www.ncr-iran.org\/en\/wp-json\/wp\/v2\/users\/19"}],"replies":[{"embeddable":true,"href":"https:\/\/www.ncr-iran.org\/en\/wp-json\/wp\/v2\/comments?post=324536"}],"version-history":[{"count":0,"href":"https:\/\/www.ncr-iran.org\/en\/wp-json\/wp\/v2\/posts\/324536\/revisions"}],"wp:featuredmedia":[{"embeddable":true,"href":"https:\/\/www.ncr-iran.org\/en\/wp-json\/wp\/v2\/media\/324537"}],"wp:attachment":[{"href":"https:\/\/www.ncr-iran.org\/en\/wp-json\/wp\/v2\/media?parent=324536"}],"wp:term":[{"taxonomy":"category","embeddable":true,"href":"https:\/\/www.ncr-iran.org\/en\/wp-json\/wp\/v2\/categories?post=324536"},{"taxonomy":"post_tag","embeddable":true,"href":"https:\/\/www.ncr-iran.org\/en\/wp-json\/wp\/v2\/tags?post=324536"}],"curies":[{"name":"wp","href":"https:\/\/api.w.org\/{rel}","templated":true}]}}