{"id":338530,"date":"2025-10-24T19:37:05","date_gmt":"2025-10-24T18:37:05","guid":{"rendered":"https:\/\/www.ncr-iran.org\/en\/?p=338530"},"modified":"2025-10-24T19:37:05","modified_gmt":"2025-10-24T18:37:05","slug":"un-and-global-voices-condemn-irans-executions-express-solidarity-with-1500-prisoners-on-death-row","status":"publish","type":"post","link":"https:\/\/www.ncr-iran.org\/en\/news\/human-rights\/un-and-global-voices-condemn-irans-executions-express-solidarity-with-1500-prisoners-on-death-row\/","title":{"rendered":"UN and Global Voices Condemn Iran\u2019s Executions, Express Solidarity with 1,500 Prisoners on Death Row"},"content":{"rendered":"<figure id=\"attachment_255125\" aria-describedby=\"caption-attachment-255125\" style=\"width: 1000px\" class=\"wp-caption alignnone\"><img decoding=\"async\" class=\"wp-image-255125\" src=\"https:\/\/www.ncr-iran.org\/en\/wp-content\/uploads\/2022\/02\/no_to_execution-e1761323956488.jpg\" alt=\"no_to_execution\" width=\"1000\" height=\"566\" srcset=\"https:\/\/www.ncr-iran.org\/en\/wp-content\/uploads\/2022\/02\/no_to_execution-e1761323956488.jpg 998w, https:\/\/www.ncr-iran.org\/en\/wp-content\/uploads\/2022\/02\/no_to_execution-e1761323956488-300x170.jpg 300w, https:\/\/www.ncr-iran.org\/en\/wp-content\/uploads\/2022\/02\/no_to_execution-e1761323956488-768x435.jpg 768w, https:\/\/www.ncr-iran.org\/en\/wp-content\/uploads\/2022\/02\/no_to_execution-e1761323956488-150x85.jpg 150w, https:\/\/www.ncr-iran.org\/en\/wp-content\/uploads\/2022\/02\/no_to_execution-e1761323956488-696x394.jpg 696w, https:\/\/www.ncr-iran.org\/en\/wp-content\/uploads\/2022\/02\/no_to_execution-e1761323956488-742x420.jpg 742w\" sizes=\"(max-width: 1000px) 100vw, 1000px\" \/><figcaption id=\"caption-attachment-255125\" class=\"wp-caption-text\">NCRI supporters hold a rally against executions in Iran<\/figcaption><\/figure>\n<p style=\"text-align: justify;\" data-start=\"2594\" data-end=\"2813\">The United Nations and numerous international and European human rights organizations have condemned the surge in executions in Iran and voiced support for <a href=\"https:\/\/iran-hrm.com\/2025\/10\/20\/qezel-hesar-prison-hunger-strike-by-1500-prisoners-is-temporarily-suspended\/\" target=\"_blank\" rel=\"noopener\">1,500 prisoners on hunger strike<\/a> in Ghezel Hesar Prison, Karaj.<\/p>\n<p style=\"text-align: justify;\" data-start=\"2815\" data-end=\"3256\">In his latest report to the UN General Assembly, Secretary-General Antonio Guterres expressed <em data-start=\"2909\" data-end=\"2925\">\u201cdeep concern\u201d<\/em> over the worsening human rights situation in Iran, citing a sharp rise in executions, widespread torture, persecution of minorities, and severe restrictions on civil and political freedoms. <a href=\"https:\/\/en.iranhrs.org\/un-chief-demands-end-to-human-rights-violations-in-iran\/\" target=\"_blank\" rel=\"noopener\">He urged<\/a> the clerical dictatorship to \u201cimmediately halt executions, release political prisoners, and end torture and cruel punishments.\u201d<\/p>\n<p style=\"text-align: justify;\" data-start=\"3258\" data-end=\"3524\">According to the National Council of Resistance of Iran (NCRI), the number of executions carried out under the clerical dictatorship has<a href=\"https:\/\/www.ncr-iran.org\/en\/ncri-statements\/statement-human-rights\/irans-regime-executes-14-on-oct-14-over-2000-killed-under-pezeshkian\/\" target=\"_blank\" rel=\"noopener\"> reached over 2,000<\/a> in the fourteen and a half months since Masoud Pezeshkian assumed the presidency, including a series of mass hangings in mid-October 2025. Rights groups report that many death sentences were issued after brief trials based on forced confessions, often without notifying families or lawyers.<\/p>\n<blockquote class=\"twitter-tweet\" data-width=\"550\" data-dnt=\"true\">\n<p lang=\"en\" dir=\"ltr\">Inmates of Ward 2, Ghezel Hesar Prison, on hunger strike (Oct 14, 2025), call on <a href=\"https:\/\/twitter.com\/antonioguterres?ref_src=twsrc%5Etfw\">@antonioguterres<\/a> &amp; the people of <a href=\"https:\/\/twitter.com\/hashtag\/Iran?src=hash&amp;ref_src=twsrc%5Etfw\">#Iran<\/a> to help <a href=\"https:\/\/twitter.com\/hashtag\/StopExecutionsInIran?src=hash&amp;ref_src=twsrc%5Etfw\">#StopExecutionsInIran<\/a>.<br \/>They warn: \u201cToday they kill us in prison \u2014 tomorrow it will reach the whole nation.\u201d <a href=\"https:\/\/t.co\/JqomNMQIea\">pic.twitter.com\/JqomNMQIea<\/a><\/p>\n<p>&mdash; NCRI-FAC (@iran_policy) <a href=\"https:\/\/twitter.com\/iran_policy\/status\/1978471668520530262?ref_src=twsrc%5Etfw\">October 15, 2025<\/a><\/p><\/blockquote>\n<p><script async src=\"https:\/\/platform.twitter.com\/widgets.js\" charset=\"utf-8\"><\/script><\/p>\n<p style=\"text-align: justify;\" data-start=\"344\" data-end=\"813\">The hunger strike by 1,500 prisoners on death row in Ghezel Hesar Prison has prompted a wave of international solidarity. The Comit\u00e9 fran\u00e7ais pour un Iran d\u00e9mocratique (CFID) issued a public appeal titled \u201cNon \u00e0 l\u2019ex\u00e9cution \u2013 \u00c9coutons la voix des prisonniers d\u2019Iran,\u201d urging the United Nations, the European Union, and the Human Rights Council to intervene without delay, stressing that \u201cthe lives of 1,500 people are in real danger \u2013 every hour counts.\u201d<\/p>\n<p style=\"text-align: justify;\" data-start=\"815\" data-end=\"1252\">Nouveaux Droits de l\u2019Homme France, led by Pierre Bercis, likewise called on the UN and European institutions to act swiftly, stating: \u201cWe are collectively responsible for the fate of these human beings on death row.\u201d In the French Parliament, Christine Arrighi, chair of the parliamentary committee for a democratic Iran, condemned the executions as \u201ca political weapon of terror in the hands of a regime nearing its end.\u201d<\/p>\n<p style=\"text-align: justify;\" data-start=\"1254\" data-end=\"1569\">The Iranian Doctors and Pharmacists Association in Italy also voiced support for the striking prisoners, warning that the clerical dictatorship is \u201capproaching its inevitable end while clinging to executions and torture,\u201d and urged international bodies to prevent \u201canother tragedy like<a href=\"https:\/\/www.ncr-iran.org\/en\/human-rights-issues\/\" target=\"_blank\" rel=\"noopener\"> the 1988 massacre<\/a>.\u201d<\/p>\n<p style=\"text-align: justify;\" data-start=\"1571\" data-end=\"1777\">Together, these coordinated statements form a unified international response demanding immediate intervention to save the lives of the Ghezel Hesar prisoners and to halt Iran\u2019s expanding execution campaign.<\/p>\n","protected":false},"excerpt":{"rendered":"<p>The United Nations and numerous international and European human rights organizations have condemned the surge in executions in Iran and voiced support for 1,500 prisoners on hunger strike in Ghezel [&#8230;]<\/p>\n","protected":false},"author":15,"featured_media":255125,"comment_status":"closed","ping_status":"closed","sticky":false,"template":"","format":"standard","meta":{"footnotes":""},"categories":[75,15],"tags":[240,276],"class_list":{"0":"post-338530","1":"post","2":"type-post","3":"status-publish","4":"format-standard","5":"has-post-thumbnail","7":"category-stop-executions-in-iran","8":"category-human-rights","9":"tag-iran-execution","10":"tag-iran-human-rights"},"yoast_head":"<!-- This site is optimized with the Yoast SEO plugin v27.4 - https:\/\/yoast.com\/product\/yoast-seo-wordpress\/ -->\n<title>UN and Global Voices Condemn Iran\u2019s Executions, Express Solidarity with 1,500 Prisoners on Death Row - NCRI<\/title>\n<meta name=\"description\" content=\"The United Nations and numerous international and European human rights organizations have condemned the surge in executions in Iran and voiced support\" \/>\n<meta name=\"robots\" content=\"index, follow, max-snippet:-1, max-image-preview:large, max-video-preview:-1\" \/>\n<link rel=\"canonical\" href=\"https:\/\/www.ncr-iran.org\/en\/news\/human-rights\/un-and-global-voices-condemn-irans-executions-express-solidarity-with-1500-prisoners-on-death-row\/\" \/>\n<meta property=\"og:locale\" content=\"en_US\" \/>\n<meta property=\"og:type\" content=\"article\" \/>\n<meta property=\"og:title\" content=\"UN and Global Voices Condemn Iran\u2019s Executions, Express Solidarity with 1,500 Prisoners on Death Row - NCRI\" \/>\n<meta property=\"og:description\" content=\"The United Nations and numerous international and European human rights organizations have condemned the surge in executions in Iran and voiced support\" \/>\n<meta property=\"og:url\" content=\"https:\/\/www.ncr-iran.org\/en\/news\/human-rights\/un-and-global-voices-condemn-irans-executions-express-solidarity-with-1500-prisoners-on-death-row\/\" \/>\n<meta property=\"og:site_name\" content=\"NCRI\" \/>\n<meta property=\"article:published_time\" content=\"2025-10-24T18:37:05+00:00\" \/>\n<meta property=\"og:image\" content=\"https:\/\/www.ncr-iran.org\/en\/wp-content\/uploads\/2022\/02\/no_to_execution-e1761323956488.jpg\" \/>\n\t<meta property=\"og:image:width\" content=\"998\" \/>\n\t<meta property=\"og:image:height\" content=\"565\" \/>\n\t<meta property=\"og:image:type\" content=\"image\/jpeg\" \/>\n<meta name=\"author\" content=\"Amir Taghati\" \/>\n<meta name=\"twitter:card\" content=\"summary_large_image\" \/>\n<meta name=\"twitter:creator\" content=\"@iran_policy\" \/>\n<meta name=\"twitter:site\" content=\"@iran_policy\" \/>\n<meta name=\"twitter:label1\" content=\"Written by\" \/>\n\t<meta name=\"twitter:data1\" content=\"Amir Taghati\" \/>\n\t<meta name=\"twitter:label2\" content=\"Est. reading time\" \/>\n\t<meta name=\"twitter:data2\" content=\"3 minutes\" \/>\n<script type=\"application\/ld+json\" class=\"yoast-schema-graph\">{\"@context\":\"https:\\\/\\\/schema.org\",\"@graph\":[{\"@type\":[\"Article\",\"BlogPosting\"],\"@id\":\"https:\\\/\\\/www.ncr-iran.org\\\/en\\\/news\\\/human-rights\\\/un-and-global-voices-condemn-irans-executions-express-solidarity-with-1500-prisoners-on-death-row\\\/#article\",\"isPartOf\":{\"@id\":\"https:\\\/\\\/www.ncr-iran.org\\\/en\\\/news\\\/human-rights\\\/un-and-global-voices-condemn-irans-executions-express-solidarity-with-1500-prisoners-on-death-row\\\/\"},\"author\":{\"name\":\"Amir Taghati\",\"@id\":\"https:\\\/\\\/www.ncr-iran.org\\\/en\\\/#\\\/schema\\\/person\\\/f5834b14c69fd1db57474c1a6fd57c8d\"},\"headline\":\"UN and Global Voices Condemn Iran\u2019s Executions, Express Solidarity with 1,500 Prisoners on Death Row\",\"datePublished\":\"2025-10-24T18:37:05+00:00\",\"mainEntityOfPage\":{\"@id\":\"https:\\\/\\\/www.ncr-iran.org\\\/en\\\/news\\\/human-rights\\\/un-and-global-voices-condemn-irans-executions-express-solidarity-with-1500-prisoners-on-death-row\\\/\"},\"wordCount\":409,\"publisher\":{\"@id\":\"https:\\\/\\\/www.ncr-iran.org\\\/en\\\/#organization\"},\"image\":{\"@id\":\"https:\\\/\\\/www.ncr-iran.org\\\/en\\\/news\\\/human-rights\\\/un-and-global-voices-condemn-irans-executions-express-solidarity-with-1500-prisoners-on-death-row\\\/#primaryimage\"},\"thumbnailUrl\":\"https:\\\/\\\/www.ncr-iran.org\\\/en\\\/wp-content\\\/uploads\\\/2022\\\/02\\\/no_to_execution-e1761323956488.jpg\",\"keywords\":[\"iran execution\",\"Iran Human Rights\"],\"articleSection\":[\"Stop executions in Iran\",\"Iran Human Rights\"],\"inLanguage\":\"en-US\"},{\"@type\":\"WebPage\",\"@id\":\"https:\\\/\\\/www.ncr-iran.org\\\/en\\\/news\\\/human-rights\\\/un-and-global-voices-condemn-irans-executions-express-solidarity-with-1500-prisoners-on-death-row\\\/\",\"url\":\"https:\\\/\\\/www.ncr-iran.org\\\/en\\\/news\\\/human-rights\\\/un-and-global-voices-condemn-irans-executions-express-solidarity-with-1500-prisoners-on-death-row\\\/\",\"name\":\"UN and Global Voices Condemn Iran\u2019s Executions, Express Solidarity with 1,500 Prisoners on Death Row - NCRI\",\"isPartOf\":{\"@id\":\"https:\\\/\\\/www.ncr-iran.org\\\/en\\\/#website\"},\"primaryImageOfPage\":{\"@id\":\"https:\\\/\\\/www.ncr-iran.org\\\/en\\\/news\\\/human-rights\\\/un-and-global-voices-condemn-irans-executions-express-solidarity-with-1500-prisoners-on-death-row\\\/#primaryimage\"},\"image\":{\"@id\":\"https:\\\/\\\/www.ncr-iran.org\\\/en\\\/news\\\/human-rights\\\/un-and-global-voices-condemn-irans-executions-express-solidarity-with-1500-prisoners-on-death-row\\\/#primaryimage\"},\"thumbnailUrl\":\"https:\\\/\\\/www.ncr-iran.org\\\/en\\\/wp-content\\\/uploads\\\/2022\\\/02\\\/no_to_execution-e1761323956488.jpg\",\"datePublished\":\"2025-10-24T18:37:05+00:00\",\"description\":\"The United Nations and numerous international and European human rights organizations have condemned the surge in executions in Iran and voiced support\",\"breadcrumb\":{\"@id\":\"https:\\\/\\\/www.ncr-iran.org\\\/en\\\/news\\\/human-rights\\\/un-and-global-voices-condemn-irans-executions-express-solidarity-with-1500-prisoners-on-death-row\\\/#breadcrumb\"},\"inLanguage\":\"en-US\",\"potentialAction\":[{\"@type\":\"ReadAction\",\"target\":[\"https:\\\/\\\/www.ncr-iran.org\\\/en\\\/news\\\/human-rights\\\/un-and-global-voices-condemn-irans-executions-express-solidarity-with-1500-prisoners-on-death-row\\\/\"]}]},{\"@type\":\"ImageObject\",\"inLanguage\":\"en-US\",\"@id\":\"https:\\\/\\\/www.ncr-iran.org\\\/en\\\/news\\\/human-rights\\\/un-and-global-voices-condemn-irans-executions-express-solidarity-with-1500-prisoners-on-death-row\\\/#primaryimage\",\"url\":\"https:\\\/\\\/www.ncr-iran.org\\\/en\\\/wp-content\\\/uploads\\\/2022\\\/02\\\/no_to_execution-e1761323956488.jpg\",\"contentUrl\":\"https:\\\/\\\/www.ncr-iran.org\\\/en\\\/wp-content\\\/uploads\\\/2022\\\/02\\\/no_to_execution-e1761323956488.jpg\",\"width\":998,\"height\":565,\"caption\":\"NCRI supporters hold a rally against executions in Iran\"},{\"@type\":\"BreadcrumbList\",\"@id\":\"https:\\\/\\\/www.ncr-iran.org\\\/en\\\/news\\\/human-rights\\\/un-and-global-voices-condemn-irans-executions-express-solidarity-with-1500-prisoners-on-death-row\\\/#breadcrumb\",\"itemListElement\":[{\"@type\":\"ListItem\",\"position\":1,\"name\":\"Home\",\"item\":\"https:\\\/\\\/www.ncr-iran.org\\\/en\\\/\"},{\"@type\":\"ListItem\",\"position\":2,\"name\":\"UN and Global Voices Condemn Iran\u2019s Executions, Express Solidarity with 1,500 Prisoners on Death Row\"}]},{\"@type\":\"WebSite\",\"@id\":\"https:\\\/\\\/www.ncr-iran.org\\\/en\\\/#website\",\"url\":\"https:\\\/\\\/www.ncr-iran.org\\\/en\\\/\",\"name\":\"NCRI\",\"description\":\"Official website of the National Council of Resistance of Iran\",\"publisher\":{\"@id\":\"https:\\\/\\\/www.ncr-iran.org\\\/en\\\/#organization\"},\"potentialAction\":[{\"@type\":\"SearchAction\",\"target\":{\"@type\":\"EntryPoint\",\"urlTemplate\":\"https:\\\/\\\/www.ncr-iran.org\\\/en\\\/?s={search_term_string}\"},\"query-input\":{\"@type\":\"PropertyValueSpecification\",\"valueRequired\":true,\"valueName\":\"search_term_string\"}}],\"inLanguage\":\"en-US\"},{\"@type\":\"Organization\",\"@id\":\"https:\\\/\\\/www.ncr-iran.org\\\/en\\\/#organization\",\"name\":\"Official website of the National Council of Resistance of Iran\",\"alternateName\":\"Official website of the National Council of Resistance of Iran\",\"url\":\"https:\\\/\\\/www.ncr-iran.org\\\/en\\\/\",\"logo\":{\"@type\":\"ImageObject\",\"inLanguage\":\"en-US\",\"@id\":\"https:\\\/\\\/www.ncr-iran.org\\\/en\\\/#\\\/schema\\\/logo\\\/image\\\/\",\"url\":\"https:\\\/\\\/www.ncr-iran.org\\\/en\\\/wp-content\\\/uploads\\\/2020\\\/01\\\/ncri-logo.jpg\",\"contentUrl\":\"https:\\\/\\\/www.ncr-iran.org\\\/en\\\/wp-content\\\/uploads\\\/2020\\\/01\\\/ncri-logo.jpg\",\"width\":402,\"height\":100,\"caption\":\"Official website of the National Council of Resistance of Iran\"},\"image\":{\"@id\":\"https:\\\/\\\/www.ncr-iran.org\\\/en\\\/#\\\/schema\\\/logo\\\/image\\\/\"},\"sameAs\":[\"https:\\\/\\\/x.com\\\/iran_policy\"]},{\"@type\":\"Person\",\"@id\":\"https:\\\/\\\/www.ncr-iran.org\\\/en\\\/#\\\/schema\\\/person\\\/f5834b14c69fd1db57474c1a6fd57c8d\",\"name\":\"Amir Taghati\",\"image\":{\"@type\":\"ImageObject\",\"inLanguage\":\"en-US\",\"@id\":\"https:\\\/\\\/secure.gravatar.com\\\/avatar\\\/97b0a0d84cfa3acf52c1cafccc39acd5e03ff8edaec5d33c59e7fba298b50949?s=96&d=mm&r=g\",\"url\":\"https:\\\/\\\/secure.gravatar.com\\\/avatar\\\/97b0a0d84cfa3acf52c1cafccc39acd5e03ff8edaec5d33c59e7fba298b50949?s=96&d=mm&r=g\",\"contentUrl\":\"https:\\\/\\\/secure.gravatar.com\\\/avatar\\\/97b0a0d84cfa3acf52c1cafccc39acd5e03ff8edaec5d33c59e7fba298b50949?s=96&d=mm&r=g\",\"caption\":\"Amir Taghati\"},\"description\":\"Amir Taghati is a political analyst and a mechanical engineer with a degree from Georgia State University. He has been member of the Board of Editors for NCR-Iran.org since 2006.\",\"url\":\"https:\\\/\\\/www.ncr-iran.org\\\/en\\\/author\\\/amir-taghati\\\/\"}]}<\/script>\n<!-- \/ Yoast SEO plugin. -->","yoast_head_json":{"title":"UN and Global Voices Condemn Iran\u2019s Executions, Express Solidarity with 1,500 Prisoners on Death Row - NCRI","description":"The United Nations and numerous international and European human rights organizations have condemned the surge in executions in Iran and voiced support","robots":{"index":"index","follow":"follow","max-snippet":"max-snippet:-1","max-image-preview":"max-image-preview:large","max-video-preview":"max-video-preview:-1"},"canonical":"https:\/\/www.ncr-iran.org\/en\/news\/human-rights\/un-and-global-voices-condemn-irans-executions-express-solidarity-with-1500-prisoners-on-death-row\/","og_locale":"en_US","og_type":"article","og_title":"UN and Global Voices Condemn Iran\u2019s Executions, Express Solidarity with 1,500 Prisoners on Death Row - NCRI","og_description":"The United Nations and numerous international and European human rights organizations have condemned the surge in executions in Iran and voiced support","og_url":"https:\/\/www.ncr-iran.org\/en\/news\/human-rights\/un-and-global-voices-condemn-irans-executions-express-solidarity-with-1500-prisoners-on-death-row\/","og_site_name":"NCRI","article_published_time":"2025-10-24T18:37:05+00:00","og_image":[{"width":998,"height":565,"url":"https:\/\/www.ncr-iran.org\/en\/wp-content\/uploads\/2022\/02\/no_to_execution-e1761323956488.jpg","type":"image\/jpeg"}],"author":"Amir Taghati","twitter_card":"summary_large_image","twitter_creator":"@iran_policy","twitter_site":"@iran_policy","twitter_misc":{"Written by":"Amir Taghati","Est. reading time":"3 minutes"},"schema":{"@context":"https:\/\/schema.org","@graph":[{"@type":["Article","BlogPosting"],"@id":"https:\/\/www.ncr-iran.org\/en\/news\/human-rights\/un-and-global-voices-condemn-irans-executions-express-solidarity-with-1500-prisoners-on-death-row\/#article","isPartOf":{"@id":"https:\/\/www.ncr-iran.org\/en\/news\/human-rights\/un-and-global-voices-condemn-irans-executions-express-solidarity-with-1500-prisoners-on-death-row\/"},"author":{"name":"Amir Taghati","@id":"https:\/\/www.ncr-iran.org\/en\/#\/schema\/person\/f5834b14c69fd1db57474c1a6fd57c8d"},"headline":"UN and Global Voices Condemn Iran\u2019s Executions, Express Solidarity with 1,500 Prisoners on Death Row","datePublished":"2025-10-24T18:37:05+00:00","mainEntityOfPage":{"@id":"https:\/\/www.ncr-iran.org\/en\/news\/human-rights\/un-and-global-voices-condemn-irans-executions-express-solidarity-with-1500-prisoners-on-death-row\/"},"wordCount":409,"publisher":{"@id":"https:\/\/www.ncr-iran.org\/en\/#organization"},"image":{"@id":"https:\/\/www.ncr-iran.org\/en\/news\/human-rights\/un-and-global-voices-condemn-irans-executions-express-solidarity-with-1500-prisoners-on-death-row\/#primaryimage"},"thumbnailUrl":"https:\/\/www.ncr-iran.org\/en\/wp-content\/uploads\/2022\/02\/no_to_execution-e1761323956488.jpg","keywords":["iran execution","Iran Human Rights"],"articleSection":["Stop executions in Iran","Iran Human Rights"],"inLanguage":"en-US"},{"@type":"WebPage","@id":"https:\/\/www.ncr-iran.org\/en\/news\/human-rights\/un-and-global-voices-condemn-irans-executions-express-solidarity-with-1500-prisoners-on-death-row\/","url":"https:\/\/www.ncr-iran.org\/en\/news\/human-rights\/un-and-global-voices-condemn-irans-executions-express-solidarity-with-1500-prisoners-on-death-row\/","name":"UN and Global Voices Condemn Iran\u2019s Executions, Express Solidarity with 1,500 Prisoners on Death Row - NCRI","isPartOf":{"@id":"https:\/\/www.ncr-iran.org\/en\/#website"},"primaryImageOfPage":{"@id":"https:\/\/www.ncr-iran.org\/en\/news\/human-rights\/un-and-global-voices-condemn-irans-executions-express-solidarity-with-1500-prisoners-on-death-row\/#primaryimage"},"image":{"@id":"https:\/\/www.ncr-iran.org\/en\/news\/human-rights\/un-and-global-voices-condemn-irans-executions-express-solidarity-with-1500-prisoners-on-death-row\/#primaryimage"},"thumbnailUrl":"https:\/\/www.ncr-iran.org\/en\/wp-content\/uploads\/2022\/02\/no_to_execution-e1761323956488.jpg","datePublished":"2025-10-24T18:37:05+00:00","description":"The United Nations and numerous international and European human rights organizations have condemned the surge in executions in Iran and voiced support","breadcrumb":{"@id":"https:\/\/www.ncr-iran.org\/en\/news\/human-rights\/un-and-global-voices-condemn-irans-executions-express-solidarity-with-1500-prisoners-on-death-row\/#breadcrumb"},"inLanguage":"en-US","potentialAction":[{"@type":"ReadAction","target":["https:\/\/www.ncr-iran.org\/en\/news\/human-rights\/un-and-global-voices-condemn-irans-executions-express-solidarity-with-1500-prisoners-on-death-row\/"]}]},{"@type":"ImageObject","inLanguage":"en-US","@id":"https:\/\/www.ncr-iran.org\/en\/news\/human-rights\/un-and-global-voices-condemn-irans-executions-express-solidarity-with-1500-prisoners-on-death-row\/#primaryimage","url":"https:\/\/www.ncr-iran.org\/en\/wp-content\/uploads\/2022\/02\/no_to_execution-e1761323956488.jpg","contentUrl":"https:\/\/www.ncr-iran.org\/en\/wp-content\/uploads\/2022\/02\/no_to_execution-e1761323956488.jpg","width":998,"height":565,"caption":"NCRI supporters hold a rally against executions in Iran"},{"@type":"BreadcrumbList","@id":"https:\/\/www.ncr-iran.org\/en\/news\/human-rights\/un-and-global-voices-condemn-irans-executions-express-solidarity-with-1500-prisoners-on-death-row\/#breadcrumb","itemListElement":[{"@type":"ListItem","position":1,"name":"Home","item":"https:\/\/www.ncr-iran.org\/en\/"},{"@type":"ListItem","position":2,"name":"UN and Global Voices Condemn Iran\u2019s Executions, Express Solidarity with 1,500 Prisoners on Death Row"}]},{"@type":"WebSite","@id":"https:\/\/www.ncr-iran.org\/en\/#website","url":"https:\/\/www.ncr-iran.org\/en\/","name":"NCRI","description":"Official website of the National Council of Resistance of Iran","publisher":{"@id":"https:\/\/www.ncr-iran.org\/en\/#organization"},"potentialAction":[{"@type":"SearchAction","target":{"@type":"EntryPoint","urlTemplate":"https:\/\/www.ncr-iran.org\/en\/?s={search_term_string}"},"query-input":{"@type":"PropertyValueSpecification","valueRequired":true,"valueName":"search_term_string"}}],"inLanguage":"en-US"},{"@type":"Organization","@id":"https:\/\/www.ncr-iran.org\/en\/#organization","name":"Official website of the National Council of Resistance of Iran","alternateName":"Official website of the National Council of Resistance of Iran","url":"https:\/\/www.ncr-iran.org\/en\/","logo":{"@type":"ImageObject","inLanguage":"en-US","@id":"https:\/\/www.ncr-iran.org\/en\/#\/schema\/logo\/image\/","url":"https:\/\/www.ncr-iran.org\/en\/wp-content\/uploads\/2020\/01\/ncri-logo.jpg","contentUrl":"https:\/\/www.ncr-iran.org\/en\/wp-content\/uploads\/2020\/01\/ncri-logo.jpg","width":402,"height":100,"caption":"Official website of the National Council of Resistance of Iran"},"image":{"@id":"https:\/\/www.ncr-iran.org\/en\/#\/schema\/logo\/image\/"},"sameAs":["https:\/\/x.com\/iran_policy"]},{"@type":"Person","@id":"https:\/\/www.ncr-iran.org\/en\/#\/schema\/person\/f5834b14c69fd1db57474c1a6fd57c8d","name":"Amir Taghati","image":{"@type":"ImageObject","inLanguage":"en-US","@id":"https:\/\/secure.gravatar.com\/avatar\/97b0a0d84cfa3acf52c1cafccc39acd5e03ff8edaec5d33c59e7fba298b50949?s=96&d=mm&r=g","url":"https:\/\/secure.gravatar.com\/avatar\/97b0a0d84cfa3acf52c1cafccc39acd5e03ff8edaec5d33c59e7fba298b50949?s=96&d=mm&r=g","contentUrl":"https:\/\/secure.gravatar.com\/avatar\/97b0a0d84cfa3acf52c1cafccc39acd5e03ff8edaec5d33c59e7fba298b50949?s=96&d=mm&r=g","caption":"Amir Taghati"},"description":"Amir Taghati is a political analyst and a mechanical engineer with a degree from Georgia State University. He has been member of the Board of Editors for NCR-Iran.org since 2006.","url":"https:\/\/www.ncr-iran.org\/en\/author\/amir-taghati\/"}]}},"_links":{"self":[{"href":"https:\/\/www.ncr-iran.org\/en\/wp-json\/wp\/v2\/posts\/338530","targetHints":{"allow":["GET"]}}],"collection":[{"href":"https:\/\/www.ncr-iran.org\/en\/wp-json\/wp\/v2\/posts"}],"about":[{"href":"https:\/\/www.ncr-iran.org\/en\/wp-json\/wp\/v2\/types\/post"}],"author":[{"embeddable":true,"href":"https:\/\/www.ncr-iran.org\/en\/wp-json\/wp\/v2\/users\/15"}],"replies":[{"embeddable":true,"href":"https:\/\/www.ncr-iran.org\/en\/wp-json\/wp\/v2\/comments?post=338530"}],"version-history":[{"count":0,"href":"https:\/\/www.ncr-iran.org\/en\/wp-json\/wp\/v2\/posts\/338530\/revisions"}],"wp:featuredmedia":[{"embeddable":true,"href":"https:\/\/www.ncr-iran.org\/en\/wp-json\/wp\/v2\/media\/255125"}],"wp:attachment":[{"href":"https:\/\/www.ncr-iran.org\/en\/wp-json\/wp\/v2\/media?parent=338530"}],"wp:term":[{"taxonomy":"category","embeddable":true,"href":"https:\/\/www.ncr-iran.org\/en\/wp-json\/wp\/v2\/categories?post=338530"},{"taxonomy":"post_tag","embeddable":true,"href":"https:\/\/www.ncr-iran.org\/en\/wp-json\/wp\/v2\/tags?post=338530"}],"curies":[{"name":"wp","href":"https:\/\/api.w.org\/{rel}","templated":true}]}}